{"id":2523,"date":"2022-03-11T14:12:00","date_gmt":"2022-03-11T13:12:00","guid":{"rendered":"https:\/\/mecatek.eu\/?p=2523"},"modified":"2026-01-29T21:48:15","modified_gmt":"2026-01-29T20:48:15","slug":"new-van-bike-3-bike-carrier-for-ford-custom","status":"publish","type":"post","link":"https:\/\/mecatek.eu\/en\/new-van-bike-3-bike-carrier-for-ford-custom\/","title":{"rendered":"New VAN-BIKE 3 bike carrier for Ford Custom"},"content":{"rendered":"<div data-elementor-type=\"wp-post\" data-elementor-id=\"2523\" class=\"elementor elementor-2523\" data-elementor-post-type=\"post\">\n\t\t\t\t<div class=\"elementor-element elementor-element-22143ea e-flex e-con-boxed e-con e-parent\" data-id=\"22143ea\" data-element_type=\"container\" data-e-type=\"container\">\n\t\t\t\t\t<div class=\"e-con-inner\">\n\t\t\t\t<div class=\"elementor-element elementor-element-1e7337c elementor-widget elementor-widget-text-editor\" data-id=\"1e7337c\" data-element_type=\"widget\" data-e-type=\"widget\" data-widget_type=\"text-editor.default\">\n\t\t\t\t\t\t\t\t\t<h2>VAN-BIKE 3 bike carrier for Ford Custom<\/h2><p>The VAN-BIKE range of bicycle racks for vans has been extended with a new model:\u00a0<strong>VAN-BIKE 3 for Ford Custom.<\/strong><\/p><p>The VAN-BIKE 3, developed by Mecatek for Sawiko France, features a robust mounting bolted directly to the vehicle chassis. Unlike other technical solutions on the market, this chassis-mounting concept means that the doors and tailgate are not damaged. The VAN-BIKE 3 can carry up to 2 EABs and a standard bike, thanks to its 80 kg payload.<\/p><p>A major advantage of this bike carrier is that it pivots through more than 90\u00b0, allowing you to fully open the tailgate or rear doors of your converted van, leaving your boot accessible.<\/p><p>The VAN-BIKE 3 model can also be folded down.<\/p><p>The VAN-BIKE range is a great success, particularly in its VAN-BIK 2 version for Fiat Ducato, Peugeot Boxer, Citro\u00ebn Jumper and Opel Movano (model 2022).<\/p>\t\t\t\t\t\t\t\t<\/div>\n\t\t\t\t<div class=\"elementor-element elementor-element-45a283c gallery-spacing-custom elementor-widget elementor-widget-image-gallery\" data-id=\"45a283c\" data-element_type=\"widget\" data-e-type=\"widget\" data-widget_type=\"image-gallery.default\">\n\t\t\t\t\t\t\t<div class=\"elementor-image-gallery\">\n\t\t\t<div id='gallery-1' class='gallery galleryid-2523 gallery-columns-3 gallery-size-woocommerce_single'><figure class='gallery-item'>\n\t\t\t<div class='gallery-icon landscape'>\n\t\t\t\t<a data-elementor-open-lightbox=\"yes\" data-elementor-lightbox-slideshow=\"45a283c\" data-elementor-lightbox-title=\"Porte-v\u00e9los VAN-BIKE 3 pour van Ford Custom\" data-e-action-hash=\"#elementor-action%3Aaction%3Dlightbox%26settings%3DeyJpZCI6MTYyOCwidXJsIjoiaHR0cHM6XC9cL21lY2F0ZWsuZXVcL3dwLWNvbnRlbnRcL3VwbG9hZHNcLzIwMjVcLzEyXC9wb3J0ZS12ZWxvcy12YW4tYmlrZS0zLXBvdXItZm9yZC1jdXN0b20tMTEuanBnIiwic2xpZGVzaG93IjoiNDVhMjgzYyJ9\" href='https:\/\/mecatek.eu\/wp-content\/uploads\/2025\/12\/porte-velos-van-bike-3-pour-ford-custom-11.jpg'><img fetchpriority=\"high\" decoding=\"async\" width=\"500\" height=\"500\" src=\"https:\/\/mecatek.eu\/wp-content\/uploads\/2025\/12\/porte-velos-van-bike-3-pour-ford-custom-11-500x500.jpg\" class=\"attachment-woocommerce_single size-woocommerce_single wp-post-image\" alt=\"VAN-BIKE 3 bike carrier for Ford Custom van\" srcset=\"https:\/\/mecatek.eu\/wp-content\/uploads\/2025\/12\/porte-velos-van-bike-3-pour-ford-custom-11-500x500.jpg 500w, https:\/\/mecatek.eu\/wp-content\/uploads\/2025\/12\/porte-velos-van-bike-3-pour-ford-custom-11-300x300.jpg 300w, https:\/\/mecatek.eu\/wp-content\/uploads\/2025\/12\/porte-velos-van-bike-3-pour-ford-custom-11-80x80.jpg 80w, https:\/\/mecatek.eu\/wp-content\/uploads\/2025\/12\/porte-velos-van-bike-3-pour-ford-custom-11-150x150.jpg 150w, https:\/\/mecatek.eu\/wp-content\/uploads\/2025\/12\/porte-velos-van-bike-3-pour-ford-custom-11-768x768.jpg 768w, https:\/\/mecatek.eu\/wp-content\/uploads\/2025\/12\/porte-velos-van-bike-3-pour-ford-custom-11.jpg 800w\" sizes=\"(max-width: 500px) 100vw, 500px\" \/><\/a>\n\t\t\t<\/div><\/figure><figure class='gallery-item'>\n\t\t\t<div class='gallery-icon landscape'>\n\t\t\t\t<a data-elementor-open-lightbox=\"yes\" data-elementor-lightbox-slideshow=\"45a283c\" data-elementor-lightbox-title=\"Porte-v\u00e9los VAN-BIKE 3 pour van Ford Custom\" data-e-action-hash=\"#elementor-action%3Aaction%3Dlightbox%26settings%3DeyJpZCI6MTYyNywidXJsIjoiaHR0cHM6XC9cL21lY2F0ZWsuZXVcL3dwLWNvbnRlbnRcL3VwbG9hZHNcLzIwMjVcLzEyXC9wb3J0ZS12ZWxvcy12YW4tYmlrZS0zLXBvdXItZm9yZC1jdXN0b20tMTAuanBnIiwic2xpZGVzaG93IjoiNDVhMjgzYyJ9\" href='https:\/\/mecatek.eu\/wp-content\/uploads\/2025\/12\/porte-velos-van-bike-3-pour-ford-custom-10.jpg'><img decoding=\"async\" width=\"500\" height=\"500\" src=\"https:\/\/mecatek.eu\/wp-content\/uploads\/2025\/12\/porte-velos-van-bike-3-pour-ford-custom-10-500x500.jpg\" class=\"attachment-woocommerce_single size-woocommerce_single wp-post-image\" alt=\"VAN-BIKE 3 bike carrier for folded Ford Custom van\" srcset=\"https:\/\/mecatek.eu\/wp-content\/uploads\/2025\/12\/porte-velos-van-bike-3-pour-ford-custom-10-500x500.jpg 500w, https:\/\/mecatek.eu\/wp-content\/uploads\/2025\/12\/porte-velos-van-bike-3-pour-ford-custom-10-300x300.jpg 300w, https:\/\/mecatek.eu\/wp-content\/uploads\/2025\/12\/porte-velos-van-bike-3-pour-ford-custom-10-80x80.jpg 80w, https:\/\/mecatek.eu\/wp-content\/uploads\/2025\/12\/porte-velos-van-bike-3-pour-ford-custom-10-150x150.jpg 150w, https:\/\/mecatek.eu\/wp-content\/uploads\/2025\/12\/porte-velos-van-bike-3-pour-ford-custom-10-768x768.jpg 768w, https:\/\/mecatek.eu\/wp-content\/uploads\/2025\/12\/porte-velos-van-bike-3-pour-ford-custom-10.jpg 800w\" sizes=\"(max-width: 500px) 100vw, 500px\" \/><\/a>\n\t\t\t<\/div><\/figure><figure class='gallery-item'>\n\t\t\t<div class='gallery-icon landscape'>\n\t\t\t\t<a data-elementor-open-lightbox=\"yes\" data-elementor-lightbox-slideshow=\"45a283c\" data-elementor-lightbox-title=\"Porte-v\u00e9los VAN-BIKE 3 pour van Ford Custom\" data-e-action-hash=\"#elementor-action%3Aaction%3Dlightbox%26settings%3DeyJpZCI6MTYyNiwidXJsIjoiaHR0cHM6XC9cL21lY2F0ZWsuZXVcL3dwLWNvbnRlbnRcL3VwbG9hZHNcLzIwMjVcLzEyXC9wb3J0ZS12ZWxvcy12YW4tYmlrZS0zLXBvdXItZm9yZC1jdXN0b20tOS5qcGciLCJzbGlkZXNob3ciOiI0NWEyODNjIn0%3D\" href='https:\/\/mecatek.eu\/wp-content\/uploads\/2025\/12\/porte-velos-van-bike-3-pour-ford-custom-9.jpg'><img decoding=\"async\" width=\"500\" height=\"500\" src=\"https:\/\/mecatek.eu\/wp-content\/uploads\/2025\/12\/porte-velos-van-bike-3-pour-ford-custom-9-500x500.jpg\" class=\"attachment-woocommerce_single size-woocommerce_single wp-post-image\" alt=\"VAN-BIKE 3 bike carrier installed on Ford Custom loaded with 2 electric bikes\" srcset=\"https:\/\/mecatek.eu\/wp-content\/uploads\/2025\/12\/porte-velos-van-bike-3-pour-ford-custom-9-500x500.jpg 500w, https:\/\/mecatek.eu\/wp-content\/uploads\/2025\/12\/porte-velos-van-bike-3-pour-ford-custom-9-300x300.jpg 300w, https:\/\/mecatek.eu\/wp-content\/uploads\/2025\/12\/porte-velos-van-bike-3-pour-ford-custom-9-80x80.jpg 80w, https:\/\/mecatek.eu\/wp-content\/uploads\/2025\/12\/porte-velos-van-bike-3-pour-ford-custom-9-150x150.jpg 150w, https:\/\/mecatek.eu\/wp-content\/uploads\/2025\/12\/porte-velos-van-bike-3-pour-ford-custom-9-768x768.jpg 768w, https:\/\/mecatek.eu\/wp-content\/uploads\/2025\/12\/porte-velos-van-bike-3-pour-ford-custom-9.jpg 800w\" sizes=\"(max-width: 500px) 100vw, 500px\" \/><\/a>\n\t\t\t<\/div><\/figure>\n\t\t<\/div>\n\t\t<\/div>\n\t\t\t\t\t\t<\/div>\n\t\t\t\t<div class=\"elementor-element elementor-element-5831453 elementor-widget elementor-widget-text-editor\" data-id=\"5831453\" data-element_type=\"widget\" data-e-type=\"widget\" data-widget_type=\"text-editor.default\">\n\t\t\t\t\t\t\t\t\t<div class=\"blog-description\"><p>Consult the technical data sheet : <a href=\"https:\/\/mecatek.eu\/en\/product\/van-bike-3-bike-carrier-for-ford-custom-van\/\">VAN-BIKE 3 bike carrier for Ford Custom<\/a><\/p><\/div>\t\t\t\t\t\t\t\t<\/div>\n\t\t\t\t\t<\/div>\n\t\t\t\t<\/div>\n\t\t\t\t<\/div>","protected":false},"excerpt":{"rendered":"<p>D\u00e9couvrez le nouveau porte-v\u00e9los VAN-BIKE 3 pour Ford Custom d\u00e9velopp\u00e9 par Mecatek. Fix\u00e9 directement sur le ch\u00e2ssis, il pr\u00e9serve l&rsquo;acc\u00e8s au coffre tout en offrant une capacit\u00e9 de 80 kg pour transporter jusqu\u2019\u00e0 2 VAE et v\u00e9los standard. Pratique, il pivote \u00e0 plus de 90\u00b0 pour garder l\u2019acc\u00e8s au hayon et se montre \u00e9galement rabattable.<\/p>","protected":false},"author":1,"featured_media":2524,"comment_status":"closed","ping_status":"closed","sticky":false,"template":"","format":"standard","meta":{"footnotes":""},"categories":[26],"tags":[],"class_list":["post-2523","post","type-post","status-publish","format-standard","has-post-thumbnail","hentry","category-nouveautes"],"blocksy_meta":[],"yoast_head":"<!-- This site is optimized with the Yoast SEO plugin v26.9 - https:\/\/yoast.com\/product\/yoast-seo-wordpress\/ -->\n<title>Nouveau porte-v\u00e9los VAN-BIKE 3 pour Ford Custom - Mecatek (ex-Sawiko France)<\/title>\n<meta name=\"description\" content=\"D\u00e9couvrez le nouveau porte-v\u00e9los VAN-BIKE 3 pour Ford Custom permettant de transporter 2 v\u00e9los \u00e9lectriques gr\u00e2ce \u00e0 sa charge utile de 80kg\" \/>\n<meta name=\"robots\" content=\"index, follow, max-snippet:-1, max-image-preview:large, max-video-preview:-1\" \/>\n<link rel=\"canonical\" href=\"https:\/\/mecatek.eu\/en\/new-van-bike-3-bike-carrier-for-ford-custom\/\" \/>\n<meta property=\"og:locale\" content=\"en_GB\" \/>\n<meta property=\"og:type\" content=\"article\" \/>\n<meta property=\"og:title\" content=\"Nouveau porte-v\u00e9los VAN-BIKE 3 pour Ford Custom - Mecatek (ex-Sawiko France)\" \/>\n<meta property=\"og:description\" content=\"D\u00e9couvrez le nouveau porte-v\u00e9los VAN-BIKE 3 pour Ford Custom permettant de transporter 2 v\u00e9los \u00e9lectriques gr\u00e2ce \u00e0 sa charge utile de 80kg\" \/>\n<meta property=\"og:url\" content=\"https:\/\/mecatek.eu\/en\/new-van-bike-3-bike-carrier-for-ford-custom\/\" \/>\n<meta property=\"og:site_name\" content=\"Mecatek (ex-Sawiko France)\" \/>\n<meta property=\"article:published_time\" content=\"2022-03-11T13:12:00+00:00\" \/>\n<meta property=\"article:modified_time\" content=\"2026-01-29T20:48:15+00:00\" \/>\n<meta property=\"og:image\" content=\"http:\/\/mecatek.eu\/wp-content\/uploads\/2026\/01\/Nouveau-porte-velos-VAN-BIKE-3-pour-Ford-Custom.jpg\" \/>\n\t<meta property=\"og:image:width\" content=\"1200\" \/>\n\t<meta property=\"og:image:height\" content=\"800\" \/>\n\t<meta property=\"og:image:type\" content=\"image\/jpeg\" \/>\n<meta name=\"author\" content=\"admin-MCK67920_fk\" \/>\n<meta name=\"twitter:card\" content=\"summary_large_image\" \/>\n<meta name=\"twitter:label1\" content=\"Written by\" \/>\n\t<meta name=\"twitter:data1\" content=\"admin-MCK67920_fk\" \/>\n\t<meta name=\"twitter:label2\" content=\"Estimated reading time\" \/>\n\t<meta name=\"twitter:data2\" content=\"2 minutes\" \/>\n<script type=\"application\/ld+json\" class=\"yoast-schema-graph\">{\"@context\":\"https:\/\/schema.org\",\"@graph\":[{\"@type\":\"Article\",\"@id\":\"https:\/\/mecatek.eu\/nouveau-porte-velos-van-bike-3-pour-ford-custom\/#article\",\"isPartOf\":{\"@id\":\"https:\/\/mecatek.eu\/nouveau-porte-velos-van-bike-3-pour-ford-custom\/\"},\"author\":{\"name\":\"admin-MCK67920_fk\",\"@id\":\"https:\/\/mecatek.eu\/#\/schema\/person\/6c00cd79ec83ffb6593d21493507e739\"},\"headline\":\"Nouveau porte-v\u00e9los VAN-BIKE 3 pour Ford Custom\",\"datePublished\":\"2022-03-11T13:12:00+00:00\",\"dateModified\":\"2026-01-29T20:48:15+00:00\",\"mainEntityOfPage\":{\"@id\":\"https:\/\/mecatek.eu\/nouveau-porte-velos-van-bike-3-pour-ford-custom\/\"},\"wordCount\":180,\"publisher\":{\"@id\":\"https:\/\/mecatek.eu\/#organization\"},\"image\":{\"@id\":\"https:\/\/mecatek.eu\/nouveau-porte-velos-van-bike-3-pour-ford-custom\/#primaryimage\"},\"thumbnailUrl\":\"https:\/\/mecatek.eu\/wp-content\/uploads\/2026\/01\/Nouveau-porte-velos-VAN-BIKE-3-pour-Ford-Custom.jpg\",\"articleSection\":[\"Nouveaut\u00e9s\"],\"inLanguage\":\"en-GB\"},{\"@type\":\"WebPage\",\"@id\":\"https:\/\/mecatek.eu\/nouveau-porte-velos-van-bike-3-pour-ford-custom\/\",\"url\":\"https:\/\/mecatek.eu\/nouveau-porte-velos-van-bike-3-pour-ford-custom\/\",\"name\":\"Nouveau porte-v\u00e9los VAN-BIKE 3 pour Ford Custom - Mecatek (ex-Sawiko France)\",\"isPartOf\":{\"@id\":\"https:\/\/mecatek.eu\/#website\"},\"primaryImageOfPage\":{\"@id\":\"https:\/\/mecatek.eu\/nouveau-porte-velos-van-bike-3-pour-ford-custom\/#primaryimage\"},\"image\":{\"@id\":\"https:\/\/mecatek.eu\/nouveau-porte-velos-van-bike-3-pour-ford-custom\/#primaryimage\"},\"thumbnailUrl\":\"https:\/\/mecatek.eu\/wp-content\/uploads\/2026\/01\/Nouveau-porte-velos-VAN-BIKE-3-pour-Ford-Custom.jpg\",\"datePublished\":\"2022-03-11T13:12:00+00:00\",\"dateModified\":\"2026-01-29T20:48:15+00:00\",\"description\":\"D\u00e9couvrez le nouveau porte-v\u00e9los VAN-BIKE 3 pour Ford Custom permettant de transporter 2 v\u00e9los \u00e9lectriques gr\u00e2ce \u00e0 sa charge utile de 80kg\",\"breadcrumb\":{\"@id\":\"https:\/\/mecatek.eu\/nouveau-porte-velos-van-bike-3-pour-ford-custom\/#breadcrumb\"},\"inLanguage\":\"en-GB\",\"potentialAction\":[{\"@type\":\"ReadAction\",\"target\":[\"https:\/\/mecatek.eu\/nouveau-porte-velos-van-bike-3-pour-ford-custom\/\"]}]},{\"@type\":\"ImageObject\",\"inLanguage\":\"en-GB\",\"@id\":\"https:\/\/mecatek.eu\/nouveau-porte-velos-van-bike-3-pour-ford-custom\/#primaryimage\",\"url\":\"https:\/\/mecatek.eu\/wp-content\/uploads\/2026\/01\/Nouveau-porte-velos-VAN-BIKE-3-pour-Ford-Custom.jpg\",\"contentUrl\":\"https:\/\/mecatek.eu\/wp-content\/uploads\/2026\/01\/Nouveau-porte-velos-VAN-BIKE-3-pour-Ford-Custom.jpg\",\"width\":1200,\"height\":800,\"caption\":\"Porte-v\u00e9los VAN-BIKE 3 pour Ford Custom pour 2 v\u00e9los \u00e9lectriques\"},{\"@type\":\"BreadcrumbList\",\"@id\":\"https:\/\/mecatek.eu\/nouveau-porte-velos-van-bike-3-pour-ford-custom\/#breadcrumb\",\"itemListElement\":[{\"@type\":\"ListItem\",\"position\":1,\"name\":\"Accueil\",\"item\":\"https:\/\/mecatek.eu\/\"},{\"@type\":\"ListItem\",\"position\":2,\"name\":\"Nouveau porte-v\u00e9los VAN-BIKE 3 pour Ford Custom\"}]},{\"@type\":\"WebSite\",\"@id\":\"https:\/\/mecatek.eu\/#website\",\"url\":\"https:\/\/mecatek.eu\/\",\"name\":\"Mecatek (ex-Sawiko France)\",\"description\":\"Fabricant d&#039;attelages pour camping-car et fourgon - Mecatek\",\"publisher\":{\"@id\":\"https:\/\/mecatek.eu\/#organization\"},\"potentialAction\":[{\"@type\":\"SearchAction\",\"target\":{\"@type\":\"EntryPoint\",\"urlTemplate\":\"https:\/\/mecatek.eu\/?s={search_term_string}\"},\"query-input\":{\"@type\":\"PropertyValueSpecification\",\"valueRequired\":true,\"valueName\":\"search_term_string\"}}],\"inLanguage\":\"en-GB\"},{\"@type\":\"Organization\",\"@id\":\"https:\/\/mecatek.eu\/#organization\",\"name\":\"Mecatek (ex-Sawiko France)\",\"url\":\"https:\/\/mecatek.eu\/\",\"logo\":{\"@type\":\"ImageObject\",\"inLanguage\":\"en-GB\",\"@id\":\"https:\/\/mecatek.eu\/#\/schema\/logo\/image\/\",\"url\":\"http:\/\/mecatek.eu\/wp-content\/uploads\/2026\/01\/Logo-Mecatek-Solutions-techniques-2025-300px.png\",\"contentUrl\":\"http:\/\/mecatek.eu\/wp-content\/uploads\/2026\/01\/Logo-Mecatek-Solutions-techniques-2025-300px.png\",\"width\":400,\"height\":94,\"caption\":\"Mecatek (ex-Sawiko France)\"},\"image\":{\"@id\":\"https:\/\/mecatek.eu\/#\/schema\/logo\/image\/\"}},{\"@type\":\"Person\",\"@id\":\"https:\/\/mecatek.eu\/#\/schema\/person\/6c00cd79ec83ffb6593d21493507e739\",\"name\":\"admin-MCK67920_fk\",\"image\":{\"@type\":\"ImageObject\",\"inLanguage\":\"en-GB\",\"@id\":\"https:\/\/mecatek.eu\/#\/schema\/person\/image\/\",\"url\":\"https:\/\/secure.gravatar.com\/avatar\/60017e7bedeb00a1bc3329d075dd4782f881081b9c1f7277e4798e7fba3c8d2a?s=96&d=mm&r=g\",\"contentUrl\":\"https:\/\/secure.gravatar.com\/avatar\/60017e7bedeb00a1bc3329d075dd4782f881081b9c1f7277e4798e7fba3c8d2a?s=96&d=mm&r=g\",\"caption\":\"admin-MCK67920_fk\"},\"sameAs\":[\"http:\/\/mecatek.eu\"]}]}<\/script>\n<!-- \/ Yoast SEO plugin. -->","yoast_head_json":{"title":"New VAN-BIKE 3 bike carrier for Ford Custom - Mecatek (ex-Sawiko France)","description":"Discover the new VAN-BIKE 3 bike carrier for Ford Custom, which can carry 2 electric bikes thanks to its 80kg payload.","robots":{"index":"index","follow":"follow","max-snippet":"max-snippet:-1","max-image-preview":"max-image-preview:large","max-video-preview":"max-video-preview:-1"},"canonical":"https:\/\/mecatek.eu\/en\/new-van-bike-3-bike-carrier-for-ford-custom\/","og_locale":"en_GB","og_type":"article","og_title":"Nouveau porte-v\u00e9los VAN-BIKE 3 pour Ford Custom - Mecatek (ex-Sawiko France)","og_description":"D\u00e9couvrez le nouveau porte-v\u00e9los VAN-BIKE 3 pour Ford Custom permettant de transporter 2 v\u00e9los \u00e9lectriques gr\u00e2ce \u00e0 sa charge utile de 80kg","og_url":"https:\/\/mecatek.eu\/en\/new-van-bike-3-bike-carrier-for-ford-custom\/","og_site_name":"Mecatek (ex-Sawiko France)","article_published_time":"2022-03-11T13:12:00+00:00","article_modified_time":"2026-01-29T20:48:15+00:00","og_image":[{"width":1200,"height":800,"url":"http:\/\/mecatek.eu\/wp-content\/uploads\/2026\/01\/Nouveau-porte-velos-VAN-BIKE-3-pour-Ford-Custom.jpg","type":"image\/jpeg"}],"author":"admin-MCK67920_fk","twitter_card":"summary_large_image","twitter_misc":{"Written by":"admin-MCK67920_fk","Estimated reading time":"2 minutes"},"schema":{"@context":"https:\/\/schema.org","@graph":[{"@type":"Article","@id":"https:\/\/mecatek.eu\/nouveau-porte-velos-van-bike-3-pour-ford-custom\/#article","isPartOf":{"@id":"https:\/\/mecatek.eu\/nouveau-porte-velos-van-bike-3-pour-ford-custom\/"},"author":{"name":"admin-MCK67920_fk","@id":"https:\/\/mecatek.eu\/#\/schema\/person\/6c00cd79ec83ffb6593d21493507e739"},"headline":"Nouveau porte-v\u00e9los VAN-BIKE 3 pour Ford Custom","datePublished":"2022-03-11T13:12:00+00:00","dateModified":"2026-01-29T20:48:15+00:00","mainEntityOfPage":{"@id":"https:\/\/mecatek.eu\/nouveau-porte-velos-van-bike-3-pour-ford-custom\/"},"wordCount":180,"publisher":{"@id":"https:\/\/mecatek.eu\/#organization"},"image":{"@id":"https:\/\/mecatek.eu\/nouveau-porte-velos-van-bike-3-pour-ford-custom\/#primaryimage"},"thumbnailUrl":"https:\/\/mecatek.eu\/wp-content\/uploads\/2026\/01\/Nouveau-porte-velos-VAN-BIKE-3-pour-Ford-Custom.jpg","articleSection":["Nouveaut\u00e9s"],"inLanguage":"en-GB"},{"@type":"WebPage","@id":"https:\/\/mecatek.eu\/nouveau-porte-velos-van-bike-3-pour-ford-custom\/","url":"https:\/\/mecatek.eu\/nouveau-porte-velos-van-bike-3-pour-ford-custom\/","name":"New VAN-BIKE 3 bike carrier for Ford Custom - Mecatek (ex-Sawiko France)","isPartOf":{"@id":"https:\/\/mecatek.eu\/#website"},"primaryImageOfPage":{"@id":"https:\/\/mecatek.eu\/nouveau-porte-velos-van-bike-3-pour-ford-custom\/#primaryimage"},"image":{"@id":"https:\/\/mecatek.eu\/nouveau-porte-velos-van-bike-3-pour-ford-custom\/#primaryimage"},"thumbnailUrl":"https:\/\/mecatek.eu\/wp-content\/uploads\/2026\/01\/Nouveau-porte-velos-VAN-BIKE-3-pour-Ford-Custom.jpg","datePublished":"2022-03-11T13:12:00+00:00","dateModified":"2026-01-29T20:48:15+00:00","description":"Discover the new VAN-BIKE 3 bike carrier for Ford Custom, which can carry 2 electric bikes thanks to its 80kg payload.","breadcrumb":{"@id":"https:\/\/mecatek.eu\/nouveau-porte-velos-van-bike-3-pour-ford-custom\/#breadcrumb"},"inLanguage":"en-GB","potentialAction":[{"@type":"ReadAction","target":["https:\/\/mecatek.eu\/nouveau-porte-velos-van-bike-3-pour-ford-custom\/"]}]},{"@type":"ImageObject","inLanguage":"en-GB","@id":"https:\/\/mecatek.eu\/nouveau-porte-velos-van-bike-3-pour-ford-custom\/#primaryimage","url":"https:\/\/mecatek.eu\/wp-content\/uploads\/2026\/01\/Nouveau-porte-velos-VAN-BIKE-3-pour-Ford-Custom.jpg","contentUrl":"https:\/\/mecatek.eu\/wp-content\/uploads\/2026\/01\/Nouveau-porte-velos-VAN-BIKE-3-pour-Ford-Custom.jpg","width":1200,"height":800,"caption":"Porte-v\u00e9los VAN-BIKE 3 pour Ford Custom pour 2 v\u00e9los \u00e9lectriques"},{"@type":"BreadcrumbList","@id":"https:\/\/mecatek.eu\/nouveau-porte-velos-van-bike-3-pour-ford-custom\/#breadcrumb","itemListElement":[{"@type":"ListItem","position":1,"name":"Accueil","item":"https:\/\/mecatek.eu\/"},{"@type":"ListItem","position":2,"name":"Nouveau porte-v\u00e9los VAN-BIKE 3 pour Ford Custom"}]},{"@type":"WebSite","@id":"https:\/\/mecatek.eu\/#website","url":"https:\/\/mecatek.eu\/","name":"Mecatek (formerly Sawiko France)","description":"Manufacturer of towbars for motorhomes and vans - Mecatek","publisher":{"@id":"https:\/\/mecatek.eu\/#organization"},"potentialAction":[{"@type":"SearchAction","target":{"@type":"EntryPoint","urlTemplate":"https:\/\/mecatek.eu\/?s={search_term_string}"},"query-input":{"@type":"PropertyValueSpecification","valueRequired":true,"valueName":"search_term_string"}}],"inLanguage":"en-GB"},{"@type":"Organization","@id":"https:\/\/mecatek.eu\/#organization","name":"Mecatek (formerly Sawiko France)","url":"https:\/\/mecatek.eu\/","logo":{"@type":"ImageObject","inLanguage":"en-GB","@id":"https:\/\/mecatek.eu\/#\/schema\/logo\/image\/","url":"http:\/\/mecatek.eu\/wp-content\/uploads\/2026\/01\/Logo-Mecatek-Solutions-techniques-2025-300px.png","contentUrl":"http:\/\/mecatek.eu\/wp-content\/uploads\/2026\/01\/Logo-Mecatek-Solutions-techniques-2025-300px.png","width":400,"height":94,"caption":"Mecatek (ex-Sawiko France)"},"image":{"@id":"https:\/\/mecatek.eu\/#\/schema\/logo\/image\/"}},{"@type":"Person","@id":"https:\/\/mecatek.eu\/#\/schema\/person\/6c00cd79ec83ffb6593d21493507e739","name":"admin-MCK67920_fk","image":{"@type":"ImageObject","inLanguage":"en-GB","@id":"https:\/\/mecatek.eu\/#\/schema\/person\/image\/","url":"https:\/\/secure.gravatar.com\/avatar\/60017e7bedeb00a1bc3329d075dd4782f881081b9c1f7277e4798e7fba3c8d2a?s=96&d=mm&r=g","contentUrl":"https:\/\/secure.gravatar.com\/avatar\/60017e7bedeb00a1bc3329d075dd4782f881081b9c1f7277e4798e7fba3c8d2a?s=96&d=mm&r=g","caption":"admin-MCK67920_fk"},"sameAs":["http:\/\/mecatek.eu"]}]}},"_links":{"self":[{"href":"https:\/\/mecatek.eu\/en\/wp-json\/wp\/v2\/posts\/2523","targetHints":{"allow":["GET"]}}],"collection":[{"href":"https:\/\/mecatek.eu\/en\/wp-json\/wp\/v2\/posts"}],"about":[{"href":"https:\/\/mecatek.eu\/en\/wp-json\/wp\/v2\/types\/post"}],"author":[{"embeddable":true,"href":"https:\/\/mecatek.eu\/en\/wp-json\/wp\/v2\/users\/1"}],"replies":[{"embeddable":true,"href":"https:\/\/mecatek.eu\/en\/wp-json\/wp\/v2\/comments?post=2523"}],"version-history":[{"count":8,"href":"https:\/\/mecatek.eu\/en\/wp-json\/wp\/v2\/posts\/2523\/revisions"}],"predecessor-version":[{"id":2678,"href":"https:\/\/mecatek.eu\/en\/wp-json\/wp\/v2\/posts\/2523\/revisions\/2678"}],"wp:featuredmedia":[{"embeddable":true,"href":"https:\/\/mecatek.eu\/en\/wp-json\/wp\/v2\/media\/2524"}],"wp:attachment":[{"href":"https:\/\/mecatek.eu\/en\/wp-json\/wp\/v2\/media?parent=2523"}],"wp:term":[{"taxonomy":"category","embeddable":true,"href":"https:\/\/mecatek.eu\/en\/wp-json\/wp\/v2\/categories?post=2523"},{"taxonomy":"post_tag","embeddable":true,"href":"https:\/\/mecatek.eu\/en\/wp-json\/wp\/v2\/tags?post=2523"}],"curies":[{"name":"wp","href":"https:\/\/api.w.org\/{rel}","templated":true}]}}