{"id":2480,"date":"2019-06-16T15:37:00","date_gmt":"2019-06-16T13:37:00","guid":{"rendered":"https:\/\/mecatek.eu\/?p=2480"},"modified":"2026-01-29T22:04:43","modified_gmt":"2026-01-29T21:04:43","slug":"new-van-bike-2-bike-carrier-for-vans","status":"publish","type":"post","link":"https:\/\/mecatek.eu\/en\/new-van-bike-2-bike-carrier-for-vans\/","title":{"rendered":"NEW: VAN-BIKE 2 bike carrier for vans"},"content":{"rendered":"<div data-elementor-type=\"wp-post\" data-elementor-id=\"2480\" class=\"elementor elementor-2480\" data-elementor-post-type=\"post\">\n\t\t\t\t<div class=\"elementor-element elementor-element-fd99bf5 e-flex e-con-boxed e-con e-parent\" data-id=\"fd99bf5\" data-element_type=\"container\" data-e-type=\"container\">\n\t\t\t\t\t<div class=\"e-con-inner\">\n\t\t\t\t<div class=\"elementor-element elementor-element-ce83b9f elementor-widget elementor-widget-text-editor\" data-id=\"ce83b9f\" data-element_type=\"widget\" data-e-type=\"widget\" data-widget_type=\"text-editor.default\">\n\t\t\t\t\t\t\t\t\t<h2>Discover our exclusive 2019 novelty: VAN-BIKE 2 bike carrier for vans!<\/h2><p>With the new VAN-BIKE 2 bike carrier, you can transport 2 electric bikes safely in the back of your van. Our bike carrier can carry a load of up to 80 kg. It swivels through 90\u00b0, making it easy to open the rear doors. What's more, when it's not loaded, it can be folded down to save space and make manoeuvring the vehicle easier.<\/p><p><strong>Practical and ingenious, the VAN-BIKE 2 bike carrier is the ideal companion for all your trips!<\/strong><\/p><p>See technical specifications :\u00a0 <a href=\"https:\/\/mecatek.eu\/en\/product\/bike-racks-for-van-bike-2-vans\/\">VAN-BIKE 2 van bike carrier<\/a><\/p>\t\t\t\t\t\t\t\t<\/div>\n\t\t\t\t\t<\/div>\n\t\t\t\t<\/div>\n\t\t\t\t<\/div>","protected":false},"excerpt":{"rendered":"<p>D\u00e9couvrez notre nouveaut\u00e9 exclusive 2019 : Porte-v\u00e9los VAN-BIKE 2 pour fourgons ! Gr\u00e2ce au nouveau\u00a0porte-v\u00e9los VAN-BIKE 2, transportez 2 v\u00e9los \u00e9lectriques en toute s\u00e9curit\u00e9 \u00e0 l&rsquo;arri\u00e8re de votre fourgon. Notre porte-v\u00e9los supporte une charge jusqu&rsquo;\u00e0 80 kg. Il pivote sur 90\u00b0\u00a0permettant ainsi d&rsquo;ouvrir les portes arri\u00e8res sans difficult\u00e9s. De plus, lorsqu&rsquo;il n&rsquo;est pas charg\u00e9, il [&hellip;]<\/p>","protected":false},"author":1,"featured_media":2481,"comment_status":"closed","ping_status":"closed","sticky":false,"template":"","format":"standard","meta":{"footnotes":""},"categories":[26],"tags":[],"class_list":["post-2480","post","type-post","status-publish","format-standard","has-post-thumbnail","hentry","category-nouveautes"],"blocksy_meta":[],"yoast_head":"<!-- This site is optimized with the Yoast SEO plugin v26.9 - https:\/\/yoast.com\/product\/yoast-seo-wordpress\/ -->\n<title>NOUVEAU : porte-v\u00e9los VAN-BIKE 2 pour fourgons - Mecatek (ex-Sawiko France)<\/title>\n<meta name=\"description\" content=\"D\u00e9couvrez notre nouveaut\u00e9 exclusive : le Porte-v\u00e9los VAN-BIKE 2 pour fourgons ! Pratique et l\u00e9ger, c&#039;est le MUST pour transporter 2 v\u00e9los \u00e9lectriques\" \/>\n<meta name=\"robots\" content=\"index, follow, max-snippet:-1, max-image-preview:large, max-video-preview:-1\" \/>\n<link rel=\"canonical\" href=\"https:\/\/mecatek.eu\/en\/new-van-bike-2-bike-carrier-for-vans\/\" \/>\n<meta property=\"og:locale\" content=\"en_GB\" \/>\n<meta property=\"og:type\" content=\"article\" \/>\n<meta property=\"og:title\" content=\"NOUVEAU : porte-v\u00e9los VAN-BIKE 2 pour fourgons - Mecatek (ex-Sawiko France)\" \/>\n<meta property=\"og:description\" content=\"D\u00e9couvrez notre nouveaut\u00e9 exclusive : le Porte-v\u00e9los VAN-BIKE 2 pour fourgons ! Pratique et l\u00e9ger, c&#039;est le MUST pour transporter 2 v\u00e9los \u00e9lectriques\" \/>\n<meta property=\"og:url\" content=\"https:\/\/mecatek.eu\/en\/new-van-bike-2-bike-carrier-for-vans\/\" \/>\n<meta property=\"og:site_name\" content=\"Mecatek (ex-Sawiko France)\" \/>\n<meta property=\"article:published_time\" content=\"2019-06-16T13:37:00+00:00\" \/>\n<meta property=\"article:modified_time\" content=\"2026-01-29T21:04:43+00:00\" \/>\n<meta property=\"og:image\" content=\"http:\/\/mecatek.eu\/wp-content\/uploads\/2026\/01\/Nouveau-porte-velos-Van-Bike-2.jpg\" \/>\n\t<meta property=\"og:image:width\" content=\"1200\" \/>\n\t<meta property=\"og:image:height\" content=\"800\" \/>\n\t<meta property=\"og:image:type\" content=\"image\/jpeg\" \/>\n<meta name=\"author\" content=\"admin-MCK67920_fk\" \/>\n<meta name=\"twitter:card\" content=\"summary_large_image\" \/>\n<meta name=\"twitter:label1\" content=\"Written by\" \/>\n\t<meta name=\"twitter:data1\" content=\"admin-MCK67920_fk\" \/>\n\t<meta name=\"twitter:label2\" content=\"Estimated reading time\" \/>\n\t<meta name=\"twitter:data2\" content=\"1 minute\" \/>\n<script type=\"application\/ld+json\" class=\"yoast-schema-graph\">{\"@context\":\"https:\/\/schema.org\",\"@graph\":[{\"@type\":\"Article\",\"@id\":\"https:\/\/mecatek.eu\/nouveau-porte-velos-van-bike-2-pour-fourgons\/#article\",\"isPartOf\":{\"@id\":\"https:\/\/mecatek.eu\/nouveau-porte-velos-van-bike-2-pour-fourgons\/\"},\"author\":{\"name\":\"admin-MCK67920_fk\",\"@id\":\"https:\/\/mecatek.eu\/#\/schema\/person\/6c00cd79ec83ffb6593d21493507e739\"},\"headline\":\"NOUVEAU : porte-v\u00e9los VAN-BIKE 2 pour fourgons\",\"datePublished\":\"2019-06-16T13:37:00+00:00\",\"dateModified\":\"2026-01-29T21:04:43+00:00\",\"mainEntityOfPage\":{\"@id\":\"https:\/\/mecatek.eu\/nouveau-porte-velos-van-bike-2-pour-fourgons\/\"},\"wordCount\":113,\"publisher\":{\"@id\":\"https:\/\/mecatek.eu\/#organization\"},\"image\":{\"@id\":\"https:\/\/mecatek.eu\/nouveau-porte-velos-van-bike-2-pour-fourgons\/#primaryimage\"},\"thumbnailUrl\":\"https:\/\/mecatek.eu\/wp-content\/uploads\/2026\/01\/Nouveau-porte-velos-Van-Bike-2.jpg\",\"articleSection\":[\"Nouveaut\u00e9s\"],\"inLanguage\":\"en-GB\"},{\"@type\":\"WebPage\",\"@id\":\"https:\/\/mecatek.eu\/nouveau-porte-velos-van-bike-2-pour-fourgons\/\",\"url\":\"https:\/\/mecatek.eu\/nouveau-porte-velos-van-bike-2-pour-fourgons\/\",\"name\":\"NOUVEAU : porte-v\u00e9los VAN-BIKE 2 pour fourgons - Mecatek (ex-Sawiko France)\",\"isPartOf\":{\"@id\":\"https:\/\/mecatek.eu\/#website\"},\"primaryImageOfPage\":{\"@id\":\"https:\/\/mecatek.eu\/nouveau-porte-velos-van-bike-2-pour-fourgons\/#primaryimage\"},\"image\":{\"@id\":\"https:\/\/mecatek.eu\/nouveau-porte-velos-van-bike-2-pour-fourgons\/#primaryimage\"},\"thumbnailUrl\":\"https:\/\/mecatek.eu\/wp-content\/uploads\/2026\/01\/Nouveau-porte-velos-Van-Bike-2.jpg\",\"datePublished\":\"2019-06-16T13:37:00+00:00\",\"dateModified\":\"2026-01-29T21:04:43+00:00\",\"description\":\"D\u00e9couvrez notre nouveaut\u00e9 exclusive : le Porte-v\u00e9los VAN-BIKE 2 pour fourgons ! Pratique et l\u00e9ger, c'est le MUST pour transporter 2 v\u00e9los \u00e9lectriques\",\"breadcrumb\":{\"@id\":\"https:\/\/mecatek.eu\/nouveau-porte-velos-van-bike-2-pour-fourgons\/#breadcrumb\"},\"inLanguage\":\"en-GB\",\"potentialAction\":[{\"@type\":\"ReadAction\",\"target\":[\"https:\/\/mecatek.eu\/nouveau-porte-velos-van-bike-2-pour-fourgons\/\"]}]},{\"@type\":\"ImageObject\",\"inLanguage\":\"en-GB\",\"@id\":\"https:\/\/mecatek.eu\/nouveau-porte-velos-van-bike-2-pour-fourgons\/#primaryimage\",\"url\":\"https:\/\/mecatek.eu\/wp-content\/uploads\/2026\/01\/Nouveau-porte-velos-Van-Bike-2.jpg\",\"contentUrl\":\"https:\/\/mecatek.eu\/wp-content\/uploads\/2026\/01\/Nouveau-porte-velos-Van-Bike-2.jpg\",\"width\":1200,\"height\":800,\"caption\":\"Nouveau-porte-v\u00e9los-Van-Bike-2\"},{\"@type\":\"BreadcrumbList\",\"@id\":\"https:\/\/mecatek.eu\/nouveau-porte-velos-van-bike-2-pour-fourgons\/#breadcrumb\",\"itemListElement\":[{\"@type\":\"ListItem\",\"position\":1,\"name\":\"Accueil\",\"item\":\"https:\/\/mecatek.eu\/\"},{\"@type\":\"ListItem\",\"position\":2,\"name\":\"NOUVEAU : porte-v\u00e9los VAN-BIKE 2 pour fourgons\"}]},{\"@type\":\"WebSite\",\"@id\":\"https:\/\/mecatek.eu\/#website\",\"url\":\"https:\/\/mecatek.eu\/\",\"name\":\"Mecatek (ex-Sawiko France)\",\"description\":\"Fabricant d&#039;attelages pour camping-car et fourgon - Mecatek\",\"publisher\":{\"@id\":\"https:\/\/mecatek.eu\/#organization\"},\"potentialAction\":[{\"@type\":\"SearchAction\",\"target\":{\"@type\":\"EntryPoint\",\"urlTemplate\":\"https:\/\/mecatek.eu\/?s={search_term_string}\"},\"query-input\":{\"@type\":\"PropertyValueSpecification\",\"valueRequired\":true,\"valueName\":\"search_term_string\"}}],\"inLanguage\":\"en-GB\"},{\"@type\":\"Organization\",\"@id\":\"https:\/\/mecatek.eu\/#organization\",\"name\":\"Mecatek (ex-Sawiko France)\",\"url\":\"https:\/\/mecatek.eu\/\",\"logo\":{\"@type\":\"ImageObject\",\"inLanguage\":\"en-GB\",\"@id\":\"https:\/\/mecatek.eu\/#\/schema\/logo\/image\/\",\"url\":\"http:\/\/mecatek.eu\/wp-content\/uploads\/2026\/01\/Logo-Mecatek-Solutions-techniques-2025-300px.png\",\"contentUrl\":\"http:\/\/mecatek.eu\/wp-content\/uploads\/2026\/01\/Logo-Mecatek-Solutions-techniques-2025-300px.png\",\"width\":400,\"height\":94,\"caption\":\"Mecatek (ex-Sawiko France)\"},\"image\":{\"@id\":\"https:\/\/mecatek.eu\/#\/schema\/logo\/image\/\"}},{\"@type\":\"Person\",\"@id\":\"https:\/\/mecatek.eu\/#\/schema\/person\/6c00cd79ec83ffb6593d21493507e739\",\"name\":\"admin-MCK67920_fk\",\"image\":{\"@type\":\"ImageObject\",\"inLanguage\":\"en-GB\",\"@id\":\"https:\/\/mecatek.eu\/#\/schema\/person\/image\/\",\"url\":\"https:\/\/secure.gravatar.com\/avatar\/60017e7bedeb00a1bc3329d075dd4782f881081b9c1f7277e4798e7fba3c8d2a?s=96&d=mm&r=g\",\"contentUrl\":\"https:\/\/secure.gravatar.com\/avatar\/60017e7bedeb00a1bc3329d075dd4782f881081b9c1f7277e4798e7fba3c8d2a?s=96&d=mm&r=g\",\"caption\":\"admin-MCK67920_fk\"},\"sameAs\":[\"http:\/\/mecatek.eu\"]}]}<\/script>\n<!-- \/ Yoast SEO plugin. -->","yoast_head_json":{"title":"NEW: VAN-BIKE 2 bike carrier for vans - Mecatek (ex-Sawiko France)","description":"Discover our exclusive new product: the VAN-BIKE 2 bike carrier for vans! Practical and lightweight, it's the MUST for transporting 2 electric bikes.","robots":{"index":"index","follow":"follow","max-snippet":"max-snippet:-1","max-image-preview":"max-image-preview:large","max-video-preview":"max-video-preview:-1"},"canonical":"https:\/\/mecatek.eu\/en\/new-van-bike-2-bike-carrier-for-vans\/","og_locale":"en_GB","og_type":"article","og_title":"NOUVEAU : porte-v\u00e9los VAN-BIKE 2 pour fourgons - Mecatek (ex-Sawiko France)","og_description":"D\u00e9couvrez notre nouveaut\u00e9 exclusive : le Porte-v\u00e9los VAN-BIKE 2 pour fourgons ! Pratique et l\u00e9ger, c'est le MUST pour transporter 2 v\u00e9los \u00e9lectriques","og_url":"https:\/\/mecatek.eu\/en\/new-van-bike-2-bike-carrier-for-vans\/","og_site_name":"Mecatek (ex-Sawiko France)","article_published_time":"2019-06-16T13:37:00+00:00","article_modified_time":"2026-01-29T21:04:43+00:00","og_image":[{"width":1200,"height":800,"url":"http:\/\/mecatek.eu\/wp-content\/uploads\/2026\/01\/Nouveau-porte-velos-Van-Bike-2.jpg","type":"image\/jpeg"}],"author":"admin-MCK67920_fk","twitter_card":"summary_large_image","twitter_misc":{"Written by":"admin-MCK67920_fk","Estimated reading time":"1 minute"},"schema":{"@context":"https:\/\/schema.org","@graph":[{"@type":"Article","@id":"https:\/\/mecatek.eu\/nouveau-porte-velos-van-bike-2-pour-fourgons\/#article","isPartOf":{"@id":"https:\/\/mecatek.eu\/nouveau-porte-velos-van-bike-2-pour-fourgons\/"},"author":{"name":"admin-MCK67920_fk","@id":"https:\/\/mecatek.eu\/#\/schema\/person\/6c00cd79ec83ffb6593d21493507e739"},"headline":"NOUVEAU : porte-v\u00e9los VAN-BIKE 2 pour fourgons","datePublished":"2019-06-16T13:37:00+00:00","dateModified":"2026-01-29T21:04:43+00:00","mainEntityOfPage":{"@id":"https:\/\/mecatek.eu\/nouveau-porte-velos-van-bike-2-pour-fourgons\/"},"wordCount":113,"publisher":{"@id":"https:\/\/mecatek.eu\/#organization"},"image":{"@id":"https:\/\/mecatek.eu\/nouveau-porte-velos-van-bike-2-pour-fourgons\/#primaryimage"},"thumbnailUrl":"https:\/\/mecatek.eu\/wp-content\/uploads\/2026\/01\/Nouveau-porte-velos-Van-Bike-2.jpg","articleSection":["Nouveaut\u00e9s"],"inLanguage":"en-GB"},{"@type":"WebPage","@id":"https:\/\/mecatek.eu\/nouveau-porte-velos-van-bike-2-pour-fourgons\/","url":"https:\/\/mecatek.eu\/nouveau-porte-velos-van-bike-2-pour-fourgons\/","name":"NEW: VAN-BIKE 2 bike carrier for vans - Mecatek (ex-Sawiko France)","isPartOf":{"@id":"https:\/\/mecatek.eu\/#website"},"primaryImageOfPage":{"@id":"https:\/\/mecatek.eu\/nouveau-porte-velos-van-bike-2-pour-fourgons\/#primaryimage"},"image":{"@id":"https:\/\/mecatek.eu\/nouveau-porte-velos-van-bike-2-pour-fourgons\/#primaryimage"},"thumbnailUrl":"https:\/\/mecatek.eu\/wp-content\/uploads\/2026\/01\/Nouveau-porte-velos-Van-Bike-2.jpg","datePublished":"2019-06-16T13:37:00+00:00","dateModified":"2026-01-29T21:04:43+00:00","description":"Discover our exclusive new product: the VAN-BIKE 2 bike carrier for vans! Practical and lightweight, it's the MUST for transporting 2 electric bikes.","breadcrumb":{"@id":"https:\/\/mecatek.eu\/nouveau-porte-velos-van-bike-2-pour-fourgons\/#breadcrumb"},"inLanguage":"en-GB","potentialAction":[{"@type":"ReadAction","target":["https:\/\/mecatek.eu\/nouveau-porte-velos-van-bike-2-pour-fourgons\/"]}]},{"@type":"ImageObject","inLanguage":"en-GB","@id":"https:\/\/mecatek.eu\/nouveau-porte-velos-van-bike-2-pour-fourgons\/#primaryimage","url":"https:\/\/mecatek.eu\/wp-content\/uploads\/2026\/01\/Nouveau-porte-velos-Van-Bike-2.jpg","contentUrl":"https:\/\/mecatek.eu\/wp-content\/uploads\/2026\/01\/Nouveau-porte-velos-Van-Bike-2.jpg","width":1200,"height":800,"caption":"Nouveau-porte-v\u00e9los-Van-Bike-2"},{"@type":"BreadcrumbList","@id":"https:\/\/mecatek.eu\/nouveau-porte-velos-van-bike-2-pour-fourgons\/#breadcrumb","itemListElement":[{"@type":"ListItem","position":1,"name":"Accueil","item":"https:\/\/mecatek.eu\/"},{"@type":"ListItem","position":2,"name":"NOUVEAU : porte-v\u00e9los VAN-BIKE 2 pour fourgons"}]},{"@type":"WebSite","@id":"https:\/\/mecatek.eu\/#website","url":"https:\/\/mecatek.eu\/","name":"Mecatek (formerly Sawiko France)","description":"Manufacturer of towbars for motorhomes and vans - Mecatek","publisher":{"@id":"https:\/\/mecatek.eu\/#organization"},"potentialAction":[{"@type":"SearchAction","target":{"@type":"EntryPoint","urlTemplate":"https:\/\/mecatek.eu\/?s={search_term_string}"},"query-input":{"@type":"PropertyValueSpecification","valueRequired":true,"valueName":"search_term_string"}}],"inLanguage":"en-GB"},{"@type":"Organization","@id":"https:\/\/mecatek.eu\/#organization","name":"Mecatek (formerly Sawiko France)","url":"https:\/\/mecatek.eu\/","logo":{"@type":"ImageObject","inLanguage":"en-GB","@id":"https:\/\/mecatek.eu\/#\/schema\/logo\/image\/","url":"http:\/\/mecatek.eu\/wp-content\/uploads\/2026\/01\/Logo-Mecatek-Solutions-techniques-2025-300px.png","contentUrl":"http:\/\/mecatek.eu\/wp-content\/uploads\/2026\/01\/Logo-Mecatek-Solutions-techniques-2025-300px.png","width":400,"height":94,"caption":"Mecatek (ex-Sawiko France)"},"image":{"@id":"https:\/\/mecatek.eu\/#\/schema\/logo\/image\/"}},{"@type":"Person","@id":"https:\/\/mecatek.eu\/#\/schema\/person\/6c00cd79ec83ffb6593d21493507e739","name":"admin-MCK67920_fk","image":{"@type":"ImageObject","inLanguage":"en-GB","@id":"https:\/\/mecatek.eu\/#\/schema\/person\/image\/","url":"https:\/\/secure.gravatar.com\/avatar\/60017e7bedeb00a1bc3329d075dd4782f881081b9c1f7277e4798e7fba3c8d2a?s=96&d=mm&r=g","contentUrl":"https:\/\/secure.gravatar.com\/avatar\/60017e7bedeb00a1bc3329d075dd4782f881081b9c1f7277e4798e7fba3c8d2a?s=96&d=mm&r=g","caption":"admin-MCK67920_fk"},"sameAs":["http:\/\/mecatek.eu"]}]}},"_links":{"self":[{"href":"https:\/\/mecatek.eu\/en\/wp-json\/wp\/v2\/posts\/2480","targetHints":{"allow":["GET"]}}],"collection":[{"href":"https:\/\/mecatek.eu\/en\/wp-json\/wp\/v2\/posts"}],"about":[{"href":"https:\/\/mecatek.eu\/en\/wp-json\/wp\/v2\/types\/post"}],"author":[{"embeddable":true,"href":"https:\/\/mecatek.eu\/en\/wp-json\/wp\/v2\/users\/1"}],"replies":[{"embeddable":true,"href":"https:\/\/mecatek.eu\/en\/wp-json\/wp\/v2\/comments?post=2480"}],"version-history":[{"count":10,"href":"https:\/\/mecatek.eu\/en\/wp-json\/wp\/v2\/posts\/2480\/revisions"}],"predecessor-version":[{"id":2708,"href":"https:\/\/mecatek.eu\/en\/wp-json\/wp\/v2\/posts\/2480\/revisions\/2708"}],"wp:featuredmedia":[{"embeddable":true,"href":"https:\/\/mecatek.eu\/en\/wp-json\/wp\/v2\/media\/2481"}],"wp:attachment":[{"href":"https:\/\/mecatek.eu\/en\/wp-json\/wp\/v2\/media?parent=2480"}],"wp:term":[{"taxonomy":"category","embeddable":true,"href":"https:\/\/mecatek.eu\/en\/wp-json\/wp\/v2\/categories?post=2480"},{"taxonomy":"post_tag","embeddable":true,"href":"https:\/\/mecatek.eu\/en\/wp-json\/wp\/v2\/tags?post=2480"}],"curies":[{"name":"wp","href":"https:\/\/api.w.org\/{rel}","templated":true}]}}