{"id":2149,"date":"2022-10-13T13:56:00","date_gmt":"2022-10-13T11:56:00","guid":{"rendered":"https:\/\/mecatek.eu\/?p=2149"},"modified":"2026-01-29T22:01:28","modified_gmt":"2026-01-29T21:01:28","slug":"range-of-bicycle-racks-for-vans-and-converted-vans-van-bike-2-and-van-bike-3","status":"publish","type":"post","link":"https:\/\/mecatek.eu\/en\/range-of-bicycle-racks-for-vans-and-converted-vans-van-bike-2-and-van-bike-3\/","title":{"rendered":"VAN-BIKE 2 and VAN-BIKE 3 range of bike racks for vans and converted vans"},"content":{"rendered":"<div data-elementor-type=\"wp-post\" data-elementor-id=\"2149\" class=\"elementor elementor-2149\" data-elementor-post-type=\"post\">\n\t\t\t\t<div class=\"elementor-element elementor-element-044fa3e e-flex e-con-boxed e-con e-parent\" data-id=\"044fa3e\" data-element_type=\"container\" data-e-type=\"container\">\n\t\t\t\t\t<div class=\"e-con-inner\">\n\t\t\t\t<div class=\"elementor-element elementor-element-8fa020c elementor-widget elementor-widget-text-editor\" data-id=\"8fa020c\" data-element_type=\"widget\" data-e-type=\"widget\" data-widget_type=\"text-editor.default\">\n\t\t\t\t\t\t\t\t\t<p>The philosophy behind the VAN-BIKE range is to offer a modular technical solution for bicycle racks that can be perfectly adapted to a converted van or compact van. Based on a common platform housing the basket and the support rails, the fixing system is specific to each carrier.<\/p><p>The VAN-BIKE 2 and VAN-BIKE 3 bike racks for vans and converted vans allow 2 standard or electrically assisted bikes to be transported in complete safety, and offer a number of advantages:<\/p><ul><li>Load capacity: 80 kg<\/li><li>Folding platform<\/li><li>Pivoting bicycle rack to free up the opening of the tailgate or rear doors of the van<\/li><li>Lashing kit with chocks and arms with securing straps supplied<\/li><li>LED light strip<\/li><li>Key locking system<\/li><\/ul>\t\t\t\t\t\t\t\t<\/div>\n\t\t\t\t<div class=\"elementor-element elementor-element-6141247 elementor-widget-divider--view-line elementor-widget elementor-widget-divider\" data-id=\"6141247\" data-element_type=\"widget\" data-e-type=\"widget\" data-widget_type=\"divider.default\">\n\t\t\t\t\t\t\t<div class=\"elementor-divider\">\n\t\t\t<span class=\"elementor-divider-separator\">\n\t\t\t\t\t\t<\/span>\n\t\t<\/div>\n\t\t\t\t\t\t<\/div>\n\t\t\t\t\t<\/div>\n\t\t\t\t<\/div>\n\t\t<div class=\"elementor-element elementor-element-2606431 e-flex e-con-boxed e-con e-parent\" data-id=\"2606431\" data-element_type=\"container\" data-e-type=\"container\">\n\t\t\t\t\t<div class=\"e-con-inner\">\n\t\t<div class=\"elementor-element elementor-element-3bd0e1c e-con-full e-flex e-con e-child\" data-id=\"3bd0e1c\" data-element_type=\"container\" data-e-type=\"container\">\n\t\t\t\t<div class=\"elementor-element elementor-element-4169311 elementor-widget elementor-widget-video\" data-id=\"4169311\" data-element_type=\"widget\" data-e-type=\"widget\" data-settings=\"{&quot;youtube_url&quot;:&quot;https:\\\/\\\/youtu.be\\\/fo9dn2MjNnI&quot;,&quot;video_type&quot;:&quot;youtube&quot;,&quot;controls&quot;:&quot;yes&quot;}\" data-widget_type=\"video.default\">\n\t\t\t\t\t\t\t<div class=\"elementor-wrapper elementor-open-inline\">\n\t\t\t<div class=\"elementor-video\"><\/div>\t\t<\/div>\n\t\t\t\t\t\t<\/div>\n\t\t\t\t<div class=\"elementor-element elementor-element-2974bb7 elementor-widget elementor-widget-text-editor\" data-id=\"2974bb7\" data-element_type=\"widget\" data-e-type=\"widget\" data-widget_type=\"text-editor.default\">\n\t\t\t\t\t\t\t\t\t<p><a href=\"https:\/\/mecatek.eu\/en\/product\/bike-racks-for-van-bike-2-vans\/\">Bike carrier <strong>Van-Bike 2 for Fiat Ducato vans<\/strong> \/ Peugeot Boxer \/ Citro\u00ebn Jumper \/ Opel Movano (from 2022)<\/a><\/p>\t\t\t\t\t\t\t\t<\/div>\n\t\t\t\t<\/div>\n\t\t<div class=\"elementor-element elementor-element-04f9c93 e-con-full e-flex e-con e-child\" data-id=\"04f9c93\" data-element_type=\"container\" data-e-type=\"container\">\n\t\t\t\t<div class=\"elementor-element elementor-element-7113e7e elementor-widget elementor-widget-video\" data-id=\"7113e7e\" data-element_type=\"widget\" data-e-type=\"widget\" data-settings=\"{&quot;youtube_url&quot;:&quot;https:\\\/\\\/youtu.be\\\/YuQfTK-UjCk&quot;,&quot;video_type&quot;:&quot;youtube&quot;,&quot;controls&quot;:&quot;yes&quot;}\" data-widget_type=\"video.default\">\n\t\t\t\t\t\t\t<div class=\"elementor-wrapper elementor-open-inline\">\n\t\t\t<div class=\"elementor-video\"><\/div>\t\t<\/div>\n\t\t\t\t\t\t<\/div>\n\t\t\t\t<div class=\"elementor-element elementor-element-c8831e9 elementor-widget elementor-widget-text-editor\" data-id=\"c8831e9\" data-element_type=\"widget\" data-e-type=\"widget\" data-widget_type=\"text-editor.default\">\n\t\t\t\t\t\t\t\t\t<p style=\"font-weight: 400;\">Bike carrier\u00a0<strong>Van-Bike 2 for Mercedes Sprinter panel vans<\/strong><\/p>\t\t\t\t\t\t\t\t<\/div>\n\t\t\t\t<\/div>\n\t\t\t\t\t<\/div>\n\t\t\t\t<\/div>\n\t\t<div class=\"elementor-element elementor-element-f5c6a6d e-flex e-con-boxed e-con e-parent\" data-id=\"f5c6a6d\" data-element_type=\"container\" data-e-type=\"container\">\n\t\t\t\t\t<div class=\"e-con-inner\">\n\t\t<div class=\"elementor-element elementor-element-9b9335f e-con-full e-flex e-con e-child\" data-id=\"9b9335f\" data-element_type=\"container\" data-e-type=\"container\">\n\t\t\t\t<div class=\"elementor-element elementor-element-f6db9d3 elementor-widget elementor-widget-video\" data-id=\"f6db9d3\" data-element_type=\"widget\" data-e-type=\"widget\" data-settings=\"{&quot;youtube_url&quot;:&quot;https:\\\/\\\/youtu.be\\\/zQVUQA74EKk&quot;,&quot;video_type&quot;:&quot;youtube&quot;,&quot;controls&quot;:&quot;yes&quot;}\" data-widget_type=\"video.default\">\n\t\t\t\t\t\t\t<div class=\"elementor-wrapper elementor-open-inline\">\n\t\t\t<div class=\"elementor-video\"><\/div>\t\t<\/div>\n\t\t\t\t\t\t<\/div>\n\t\t\t\t<div class=\"elementor-element elementor-element-c52d1f5 elementor-widget elementor-widget-text-editor\" data-id=\"c52d1f5\" data-element_type=\"widget\" data-e-type=\"widget\" data-widget_type=\"text-editor.default\">\n\t\t\t\t\t\t\t\t\t<p><a href=\"https:\/\/mecatek.eu\/en\/product\/van-bike-3-bike-carrier-for-ford-custom-van\/\">Bike carrier\u00a0<strong>Van-Bike 3 for Ford Transit Custom vans<\/strong><\/a><\/p>\t\t\t\t\t\t\t\t<\/div>\n\t\t\t\t<\/div>\n\t\t<div class=\"elementor-element elementor-element-65c86aa e-con-full e-flex e-con e-child\" data-id=\"65c86aa\" data-element_type=\"container\" data-e-type=\"container\">\n\t\t\t\t<div class=\"elementor-element elementor-element-2cd3fd1 elementor-widget elementor-widget-video\" data-id=\"2cd3fd1\" data-element_type=\"widget\" data-e-type=\"widget\" data-settings=\"{&quot;youtube_url&quot;:&quot;https:\\\/\\\/youtu.be\\\/boa_-jxISgc&quot;,&quot;video_type&quot;:&quot;youtube&quot;,&quot;controls&quot;:&quot;yes&quot;}\" data-widget_type=\"video.default\">\n\t\t\t\t\t\t\t<div class=\"elementor-wrapper elementor-open-inline\">\n\t\t\t<div class=\"elementor-video\"><\/div>\t\t<\/div>\n\t\t\t\t\t\t<\/div>\n\t\t\t\t<div class=\"elementor-element elementor-element-9a0ea9a elementor-widget elementor-widget-text-editor\" data-id=\"9a0ea9a\" data-element_type=\"widget\" data-e-type=\"widget\" data-widget_type=\"text-editor.default\">\n\t\t\t\t\t\t\t\t\t<p><a href=\"https:\/\/mecatek.eu\/en\/product\/bike-carrier-van-bike-3-for-renault-master\/\">Bike carrier <strong>Van-Bike 3 for Renault Master vans<\/strong> \/ Nissan NV 400 \/ Opel Movano (from 2022)<\/a><\/p><p>\u00a0<\/p>\t\t\t\t\t\t\t\t<\/div>\n\t\t\t\t<\/div>\n\t\t\t\t\t<\/div>\n\t\t\t\t<\/div>\n\t\t\t\t<\/div>","protected":false},"excerpt":{"rendered":"<p>La philosophie de la gamme VAN-BIKE consiste \u00e0 proposer une solution technique modulaire de porte-v\u00e9los permettant de s\u2019adapter parfaitement \u00e0 un fourgon am\u00e9nag\u00e9 ou un van compact. Bas\u00e9 sur une plateforme commune accueillant le panier ainsi que les rails de port\u00e9e, le syst\u00e8me de fixation est quant \u00e0 lui sp\u00e9cifique \u00e0 chaque porteur. Les\u00a0porte-v\u00e9los pour [&hellip;]<\/p>","protected":false},"author":1,"featured_media":2150,"comment_status":"closed","ping_status":"closed","sticky":false,"template":"","format":"standard","meta":{"footnotes":""},"categories":[26],"tags":[],"class_list":["post-2149","post","type-post","status-publish","format-standard","has-post-thumbnail","hentry","category-nouveautes"],"blocksy_meta":[],"yoast_head":"<!-- This site is optimized with the Yoast SEO plugin v26.9 - https:\/\/yoast.com\/product\/yoast-seo-wordpress\/ -->\n<title>Gamme de porte-v\u00e9los pour vans et fourgons am\u00e9nag\u00e9s VAN-BIKE 2 et VAN-BIKE 3 - Mecatek (ex-Sawiko France)<\/title>\n<meta name=\"description\" content=\"D\u00e9couvrez les gammes Van-Bike 2 et 3 : porte-v\u00e9los pivotants pour vans et fourgons avec une charge utile de 80 kg 2 v\u00e9los \u00e9lectriques\" \/>\n<meta name=\"robots\" content=\"index, follow, max-snippet:-1, max-image-preview:large, max-video-preview:-1\" \/>\n<link rel=\"canonical\" href=\"https:\/\/mecatek.eu\/en\/range-of-bicycle-racks-for-vans-and-converted-vans-van-bike-2-and-van-bike-3\/\" \/>\n<meta property=\"og:locale\" content=\"en_GB\" \/>\n<meta property=\"og:type\" content=\"article\" \/>\n<meta property=\"og:title\" content=\"Gamme de porte-v\u00e9los pour vans et fourgons am\u00e9nag\u00e9s VAN-BIKE 2 et VAN-BIKE 3 - Mecatek (ex-Sawiko France)\" \/>\n<meta property=\"og:description\" content=\"D\u00e9couvrez les gammes Van-Bike 2 et 3 : porte-v\u00e9los pivotants pour vans et fourgons avec une charge utile de 80 kg 2 v\u00e9los \u00e9lectriques\" \/>\n<meta property=\"og:url\" content=\"https:\/\/mecatek.eu\/en\/range-of-bicycle-racks-for-vans-and-converted-vans-van-bike-2-and-van-bike-3\/\" \/>\n<meta property=\"og:site_name\" content=\"Mecatek (ex-Sawiko France)\" \/>\n<meta property=\"article:published_time\" content=\"2022-10-13T11:56:00+00:00\" \/>\n<meta property=\"article:modified_time\" content=\"2026-01-29T21:01:28+00:00\" \/>\n<meta property=\"og:image\" content=\"http:\/\/mecatek.eu\/wp-content\/uploads\/2026\/01\/nouveaux-porte-velos-van-bike.jpg\" \/>\n\t<meta property=\"og:image:width\" content=\"1200\" \/>\n\t<meta property=\"og:image:height\" content=\"800\" \/>\n\t<meta property=\"og:image:type\" content=\"image\/jpeg\" \/>\n<meta name=\"author\" content=\"admin-MCK67920_fk\" \/>\n<meta name=\"twitter:card\" content=\"summary_large_image\" \/>\n<meta name=\"twitter:label1\" content=\"Written by\" \/>\n\t<meta name=\"twitter:data1\" content=\"admin-MCK67920_fk\" \/>\n\t<meta name=\"twitter:label2\" content=\"Estimated reading time\" \/>\n\t<meta name=\"twitter:data2\" content=\"1 minute\" \/>\n<script type=\"application\/ld+json\" class=\"yoast-schema-graph\">{\"@context\":\"https:\/\/schema.org\",\"@graph\":[{\"@type\":\"Article\",\"@id\":\"https:\/\/mecatek.eu\/gamme-de-porte-velos-pour-vans-et-fourgons-amenages-van-bike-2-et-van-bike-3\/#article\",\"isPartOf\":{\"@id\":\"https:\/\/mecatek.eu\/gamme-de-porte-velos-pour-vans-et-fourgons-amenages-van-bike-2-et-van-bike-3\/\"},\"author\":{\"name\":\"admin-MCK67920_fk\",\"@id\":\"https:\/\/mecatek.eu\/#\/schema\/person\/6c00cd79ec83ffb6593d21493507e739\"},\"headline\":\"Gamme de porte-v\u00e9los pour vans et fourgons am\u00e9nag\u00e9s VAN-BIKE 2 et VAN-BIKE 3\",\"datePublished\":\"2022-10-13T11:56:00+00:00\",\"dateModified\":\"2026-01-29T21:01:28+00:00\",\"mainEntityOfPage\":{\"@id\":\"https:\/\/mecatek.eu\/gamme-de-porte-velos-pour-vans-et-fourgons-amenages-van-bike-2-et-van-bike-3\/\"},\"wordCount\":216,\"publisher\":{\"@id\":\"https:\/\/mecatek.eu\/#organization\"},\"image\":{\"@id\":\"https:\/\/mecatek.eu\/gamme-de-porte-velos-pour-vans-et-fourgons-amenages-van-bike-2-et-van-bike-3\/#primaryimage\"},\"thumbnailUrl\":\"https:\/\/mecatek.eu\/wp-content\/uploads\/2026\/01\/nouveaux-porte-velos-van-bike.jpg\",\"articleSection\":[\"Nouveaut\u00e9s\"],\"inLanguage\":\"en-GB\"},{\"@type\":\"WebPage\",\"@id\":\"https:\/\/mecatek.eu\/gamme-de-porte-velos-pour-vans-et-fourgons-amenages-van-bike-2-et-van-bike-3\/\",\"url\":\"https:\/\/mecatek.eu\/gamme-de-porte-velos-pour-vans-et-fourgons-amenages-van-bike-2-et-van-bike-3\/\",\"name\":\"Gamme de porte-v\u00e9los pour vans et fourgons am\u00e9nag\u00e9s VAN-BIKE 2 et VAN-BIKE 3 - Mecatek (ex-Sawiko France)\",\"isPartOf\":{\"@id\":\"https:\/\/mecatek.eu\/#website\"},\"primaryImageOfPage\":{\"@id\":\"https:\/\/mecatek.eu\/gamme-de-porte-velos-pour-vans-et-fourgons-amenages-van-bike-2-et-van-bike-3\/#primaryimage\"},\"image\":{\"@id\":\"https:\/\/mecatek.eu\/gamme-de-porte-velos-pour-vans-et-fourgons-amenages-van-bike-2-et-van-bike-3\/#primaryimage\"},\"thumbnailUrl\":\"https:\/\/mecatek.eu\/wp-content\/uploads\/2026\/01\/nouveaux-porte-velos-van-bike.jpg\",\"datePublished\":\"2022-10-13T11:56:00+00:00\",\"dateModified\":\"2026-01-29T21:01:28+00:00\",\"description\":\"D\u00e9couvrez les gammes Van-Bike 2 et 3 : porte-v\u00e9los pivotants pour vans et fourgons avec une charge utile de 80 kg 2 v\u00e9los \u00e9lectriques\",\"breadcrumb\":{\"@id\":\"https:\/\/mecatek.eu\/gamme-de-porte-velos-pour-vans-et-fourgons-amenages-van-bike-2-et-van-bike-3\/#breadcrumb\"},\"inLanguage\":\"en-GB\",\"potentialAction\":[{\"@type\":\"ReadAction\",\"target\":[\"https:\/\/mecatek.eu\/gamme-de-porte-velos-pour-vans-et-fourgons-amenages-van-bike-2-et-van-bike-3\/\"]}]},{\"@type\":\"ImageObject\",\"inLanguage\":\"en-GB\",\"@id\":\"https:\/\/mecatek.eu\/gamme-de-porte-velos-pour-vans-et-fourgons-amenages-van-bike-2-et-van-bike-3\/#primaryimage\",\"url\":\"https:\/\/mecatek.eu\/wp-content\/uploads\/2026\/01\/nouveaux-porte-velos-van-bike.jpg\",\"contentUrl\":\"https:\/\/mecatek.eu\/wp-content\/uploads\/2026\/01\/nouveaux-porte-velos-van-bike.jpg\",\"width\":1200,\"height\":800,\"caption\":\"Gamme de porte-v\u00e9los pour vans et fourgons am\u00e9nag\u00e9s VAN-BIKE 2 et VAN-BIKE 3\"},{\"@type\":\"BreadcrumbList\",\"@id\":\"https:\/\/mecatek.eu\/gamme-de-porte-velos-pour-vans-et-fourgons-amenages-van-bike-2-et-van-bike-3\/#breadcrumb\",\"itemListElement\":[{\"@type\":\"ListItem\",\"position\":1,\"name\":\"Accueil\",\"item\":\"https:\/\/mecatek.eu\/\"},{\"@type\":\"ListItem\",\"position\":2,\"name\":\"Gamme de porte-v\u00e9los pour vans et fourgons am\u00e9nag\u00e9s VAN-BIKE 2 et VAN-BIKE 3\"}]},{\"@type\":\"WebSite\",\"@id\":\"https:\/\/mecatek.eu\/#website\",\"url\":\"https:\/\/mecatek.eu\/\",\"name\":\"Mecatek (ex-Sawiko France)\",\"description\":\"Fabricant d&#039;attelages pour camping-car et fourgon - Mecatek\",\"publisher\":{\"@id\":\"https:\/\/mecatek.eu\/#organization\"},\"potentialAction\":[{\"@type\":\"SearchAction\",\"target\":{\"@type\":\"EntryPoint\",\"urlTemplate\":\"https:\/\/mecatek.eu\/?s={search_term_string}\"},\"query-input\":{\"@type\":\"PropertyValueSpecification\",\"valueRequired\":true,\"valueName\":\"search_term_string\"}}],\"inLanguage\":\"en-GB\"},{\"@type\":\"Organization\",\"@id\":\"https:\/\/mecatek.eu\/#organization\",\"name\":\"Mecatek (ex-Sawiko France)\",\"url\":\"https:\/\/mecatek.eu\/\",\"logo\":{\"@type\":\"ImageObject\",\"inLanguage\":\"en-GB\",\"@id\":\"https:\/\/mecatek.eu\/#\/schema\/logo\/image\/\",\"url\":\"http:\/\/mecatek.eu\/wp-content\/uploads\/2026\/01\/Logo-Mecatek-Solutions-techniques-2025-300px.png\",\"contentUrl\":\"http:\/\/mecatek.eu\/wp-content\/uploads\/2026\/01\/Logo-Mecatek-Solutions-techniques-2025-300px.png\",\"width\":400,\"height\":94,\"caption\":\"Mecatek (ex-Sawiko France)\"},\"image\":{\"@id\":\"https:\/\/mecatek.eu\/#\/schema\/logo\/image\/\"}},{\"@type\":\"Person\",\"@id\":\"https:\/\/mecatek.eu\/#\/schema\/person\/6c00cd79ec83ffb6593d21493507e739\",\"name\":\"admin-MCK67920_fk\",\"image\":{\"@type\":\"ImageObject\",\"inLanguage\":\"en-GB\",\"@id\":\"https:\/\/mecatek.eu\/#\/schema\/person\/image\/\",\"url\":\"https:\/\/secure.gravatar.com\/avatar\/60017e7bedeb00a1bc3329d075dd4782f881081b9c1f7277e4798e7fba3c8d2a?s=96&d=mm&r=g\",\"contentUrl\":\"https:\/\/secure.gravatar.com\/avatar\/60017e7bedeb00a1bc3329d075dd4782f881081b9c1f7277e4798e7fba3c8d2a?s=96&d=mm&r=g\",\"caption\":\"admin-MCK67920_fk\"},\"sameAs\":[\"http:\/\/mecatek.eu\"]}]}<\/script>\n<!-- \/ Yoast SEO plugin. -->","yoast_head_json":{"title":"VAN-BIKE 2 and VAN-BIKE 3 range of bicycle racks for vans and converted vans - Mecatek (ex-Sawiko France)","description":"Discover the Van-Bike 2 and 3 ranges: pivoting bike racks for vans with a payload of 80 kg 2 electric bikes","robots":{"index":"index","follow":"follow","max-snippet":"max-snippet:-1","max-image-preview":"max-image-preview:large","max-video-preview":"max-video-preview:-1"},"canonical":"https:\/\/mecatek.eu\/en\/range-of-bicycle-racks-for-vans-and-converted-vans-van-bike-2-and-van-bike-3\/","og_locale":"en_GB","og_type":"article","og_title":"Gamme de porte-v\u00e9los pour vans et fourgons am\u00e9nag\u00e9s VAN-BIKE 2 et VAN-BIKE 3 - Mecatek (ex-Sawiko France)","og_description":"D\u00e9couvrez les gammes Van-Bike 2 et 3 : porte-v\u00e9los pivotants pour vans et fourgons avec une charge utile de 80 kg 2 v\u00e9los \u00e9lectriques","og_url":"https:\/\/mecatek.eu\/en\/range-of-bicycle-racks-for-vans-and-converted-vans-van-bike-2-and-van-bike-3\/","og_site_name":"Mecatek (ex-Sawiko France)","article_published_time":"2022-10-13T11:56:00+00:00","article_modified_time":"2026-01-29T21:01:28+00:00","og_image":[{"width":1200,"height":800,"url":"http:\/\/mecatek.eu\/wp-content\/uploads\/2026\/01\/nouveaux-porte-velos-van-bike.jpg","type":"image\/jpeg"}],"author":"admin-MCK67920_fk","twitter_card":"summary_large_image","twitter_misc":{"Written by":"admin-MCK67920_fk","Estimated reading time":"1 minute"},"schema":{"@context":"https:\/\/schema.org","@graph":[{"@type":"Article","@id":"https:\/\/mecatek.eu\/gamme-de-porte-velos-pour-vans-et-fourgons-amenages-van-bike-2-et-van-bike-3\/#article","isPartOf":{"@id":"https:\/\/mecatek.eu\/gamme-de-porte-velos-pour-vans-et-fourgons-amenages-van-bike-2-et-van-bike-3\/"},"author":{"name":"admin-MCK67920_fk","@id":"https:\/\/mecatek.eu\/#\/schema\/person\/6c00cd79ec83ffb6593d21493507e739"},"headline":"Gamme de porte-v\u00e9los pour vans et fourgons am\u00e9nag\u00e9s VAN-BIKE 2 et VAN-BIKE 3","datePublished":"2022-10-13T11:56:00+00:00","dateModified":"2026-01-29T21:01:28+00:00","mainEntityOfPage":{"@id":"https:\/\/mecatek.eu\/gamme-de-porte-velos-pour-vans-et-fourgons-amenages-van-bike-2-et-van-bike-3\/"},"wordCount":216,"publisher":{"@id":"https:\/\/mecatek.eu\/#organization"},"image":{"@id":"https:\/\/mecatek.eu\/gamme-de-porte-velos-pour-vans-et-fourgons-amenages-van-bike-2-et-van-bike-3\/#primaryimage"},"thumbnailUrl":"https:\/\/mecatek.eu\/wp-content\/uploads\/2026\/01\/nouveaux-porte-velos-van-bike.jpg","articleSection":["Nouveaut\u00e9s"],"inLanguage":"en-GB"},{"@type":"WebPage","@id":"https:\/\/mecatek.eu\/gamme-de-porte-velos-pour-vans-et-fourgons-amenages-van-bike-2-et-van-bike-3\/","url":"https:\/\/mecatek.eu\/gamme-de-porte-velos-pour-vans-et-fourgons-amenages-van-bike-2-et-van-bike-3\/","name":"VAN-BIKE 2 and VAN-BIKE 3 range of bicycle racks for vans and converted vans - Mecatek (ex-Sawiko France)","isPartOf":{"@id":"https:\/\/mecatek.eu\/#website"},"primaryImageOfPage":{"@id":"https:\/\/mecatek.eu\/gamme-de-porte-velos-pour-vans-et-fourgons-amenages-van-bike-2-et-van-bike-3\/#primaryimage"},"image":{"@id":"https:\/\/mecatek.eu\/gamme-de-porte-velos-pour-vans-et-fourgons-amenages-van-bike-2-et-van-bike-3\/#primaryimage"},"thumbnailUrl":"https:\/\/mecatek.eu\/wp-content\/uploads\/2026\/01\/nouveaux-porte-velos-van-bike.jpg","datePublished":"2022-10-13T11:56:00+00:00","dateModified":"2026-01-29T21:01:28+00:00","description":"Discover the Van-Bike 2 and 3 ranges: pivoting bike racks for vans with a payload of 80 kg 2 electric bikes","breadcrumb":{"@id":"https:\/\/mecatek.eu\/gamme-de-porte-velos-pour-vans-et-fourgons-amenages-van-bike-2-et-van-bike-3\/#breadcrumb"},"inLanguage":"en-GB","potentialAction":[{"@type":"ReadAction","target":["https:\/\/mecatek.eu\/gamme-de-porte-velos-pour-vans-et-fourgons-amenages-van-bike-2-et-van-bike-3\/"]}]},{"@type":"ImageObject","inLanguage":"en-GB","@id":"https:\/\/mecatek.eu\/gamme-de-porte-velos-pour-vans-et-fourgons-amenages-van-bike-2-et-van-bike-3\/#primaryimage","url":"https:\/\/mecatek.eu\/wp-content\/uploads\/2026\/01\/nouveaux-porte-velos-van-bike.jpg","contentUrl":"https:\/\/mecatek.eu\/wp-content\/uploads\/2026\/01\/nouveaux-porte-velos-van-bike.jpg","width":1200,"height":800,"caption":"Gamme de porte-v\u00e9los pour vans et fourgons am\u00e9nag\u00e9s VAN-BIKE 2 et VAN-BIKE 3"},{"@type":"BreadcrumbList","@id":"https:\/\/mecatek.eu\/gamme-de-porte-velos-pour-vans-et-fourgons-amenages-van-bike-2-et-van-bike-3\/#breadcrumb","itemListElement":[{"@type":"ListItem","position":1,"name":"Accueil","item":"https:\/\/mecatek.eu\/"},{"@type":"ListItem","position":2,"name":"Gamme de porte-v\u00e9los pour vans et fourgons am\u00e9nag\u00e9s VAN-BIKE 2 et VAN-BIKE 3"}]},{"@type":"WebSite","@id":"https:\/\/mecatek.eu\/#website","url":"https:\/\/mecatek.eu\/","name":"Mecatek (formerly Sawiko France)","description":"Manufacturer of towbars for motorhomes and vans - Mecatek","publisher":{"@id":"https:\/\/mecatek.eu\/#organization"},"potentialAction":[{"@type":"SearchAction","target":{"@type":"EntryPoint","urlTemplate":"https:\/\/mecatek.eu\/?s={search_term_string}"},"query-input":{"@type":"PropertyValueSpecification","valueRequired":true,"valueName":"search_term_string"}}],"inLanguage":"en-GB"},{"@type":"Organization","@id":"https:\/\/mecatek.eu\/#organization","name":"Mecatek (formerly Sawiko France)","url":"https:\/\/mecatek.eu\/","logo":{"@type":"ImageObject","inLanguage":"en-GB","@id":"https:\/\/mecatek.eu\/#\/schema\/logo\/image\/","url":"http:\/\/mecatek.eu\/wp-content\/uploads\/2026\/01\/Logo-Mecatek-Solutions-techniques-2025-300px.png","contentUrl":"http:\/\/mecatek.eu\/wp-content\/uploads\/2026\/01\/Logo-Mecatek-Solutions-techniques-2025-300px.png","width":400,"height":94,"caption":"Mecatek (ex-Sawiko France)"},"image":{"@id":"https:\/\/mecatek.eu\/#\/schema\/logo\/image\/"}},{"@type":"Person","@id":"https:\/\/mecatek.eu\/#\/schema\/person\/6c00cd79ec83ffb6593d21493507e739","name":"admin-MCK67920_fk","image":{"@type":"ImageObject","inLanguage":"en-GB","@id":"https:\/\/mecatek.eu\/#\/schema\/person\/image\/","url":"https:\/\/secure.gravatar.com\/avatar\/60017e7bedeb00a1bc3329d075dd4782f881081b9c1f7277e4798e7fba3c8d2a?s=96&d=mm&r=g","contentUrl":"https:\/\/secure.gravatar.com\/avatar\/60017e7bedeb00a1bc3329d075dd4782f881081b9c1f7277e4798e7fba3c8d2a?s=96&d=mm&r=g","caption":"admin-MCK67920_fk"},"sameAs":["http:\/\/mecatek.eu"]}]}},"_links":{"self":[{"href":"https:\/\/mecatek.eu\/en\/wp-json\/wp\/v2\/posts\/2149","targetHints":{"allow":["GET"]}}],"collection":[{"href":"https:\/\/mecatek.eu\/en\/wp-json\/wp\/v2\/posts"}],"about":[{"href":"https:\/\/mecatek.eu\/en\/wp-json\/wp\/v2\/types\/post"}],"author":[{"embeddable":true,"href":"https:\/\/mecatek.eu\/en\/wp-json\/wp\/v2\/users\/1"}],"replies":[{"embeddable":true,"href":"https:\/\/mecatek.eu\/en\/wp-json\/wp\/v2\/comments?post=2149"}],"version-history":[{"count":13,"href":"https:\/\/mecatek.eu\/en\/wp-json\/wp\/v2\/posts\/2149\/revisions"}],"predecessor-version":[{"id":2696,"href":"https:\/\/mecatek.eu\/en\/wp-json\/wp\/v2\/posts\/2149\/revisions\/2696"}],"wp:featuredmedia":[{"embeddable":true,"href":"https:\/\/mecatek.eu\/en\/wp-json\/wp\/v2\/media\/2150"}],"wp:attachment":[{"href":"https:\/\/mecatek.eu\/en\/wp-json\/wp\/v2\/media?parent=2149"}],"wp:term":[{"taxonomy":"category","embeddable":true,"href":"https:\/\/mecatek.eu\/en\/wp-json\/wp\/v2\/categories?post=2149"},{"taxonomy":"post_tag","embeddable":true,"href":"https:\/\/mecatek.eu\/en\/wp-json\/wp\/v2\/tags?post=2149"}],"curies":[{"name":"wp","href":"https:\/\/api.w.org\/{rel}","templated":true}]}}