{"id":1854,"date":"2025-02-20T15:51:00","date_gmt":"2025-02-20T14:51:00","guid":{"rendered":"https:\/\/mecatek.eu\/?p=1854"},"modified":"2026-01-29T21:55:28","modified_gmt":"2026-01-29T20:55:28","slug":"types-of-mounting-for-bicycle-doors","status":"publish","type":"post","link":"https:\/\/mecatek.eu\/en\/types-of-mounting-for-bicycle-doors\/","title":{"rendered":"Types of mounting for bike racks"},"content":{"rendered":"<div data-elementor-type=\"wp-post\" data-elementor-id=\"1854\" class=\"elementor elementor-1854\" data-elementor-post-type=\"post\">\n\t\t\t\t<div class=\"elementor-element elementor-element-2d317415 e-flex e-con-boxed e-con e-parent\" data-id=\"2d317415\" data-element_type=\"container\" data-e-type=\"container\">\n\t\t\t\t\t<div class=\"e-con-inner\">\n\t\t\t\t<div class=\"elementor-element elementor-element-1a822b53 elementor-widget elementor-widget-text-editor\" data-id=\"1a822b53\" data-element_type=\"widget\" data-e-type=\"widget\" data-widget_type=\"text-editor.default\">\n\t\t\t\t\t\t\t\t\t<p>Discover the best solutions for fixing bike racks to vans and converted vans. Mecatek guides you to transport your bikes with complete peace of mind!<\/p><p>A bike carrier is an essential accessory for those who like to travel in a van. It allows you to transport one or more bicycles in complete safety, guaranteeing their stability throughout the journey. Robust and practical, the bike carrier is the safest and most suitable solution for transporting your bikes in the best possible conditions.\u00a0<\/p><p>The bike racks can be installed on vans or converted vans using\u00a0<b>suitable fastening systems<\/b>. There are in fact several, each with its own specific features. Choosing the right, secure fastening is essential to avoid any risk of detachment during transport, and also to avoid damaging the vehicle.\u00a0<\/p><p>As a specialist in equipment for leisure vehicles, Mecatek - formerly Sawiko France - offers you reliable, customised solutions to ensure that your vehicle is securely and durably fixed in place.\u00a0<b>bike rack on your van\u00a0<\/b>or your converted van.\u00a0<\/p><p>There are three main\u00a0<b>types of attachment for bike racks: attachment to hinges<\/b>\u00a0the rear doors of the van, the\u00a0<b>mounting under the chassis<\/b>, and the\u00a0<b>attachment to towball<\/b>. Each of these fasteners has its own specific features and advantages, which need to be examined in detail to make the most informed choice.\u00a0<\/p><h2>Why choose the right bike carrier mount?\u00a0<\/h2><p>Choosing the right fixing should never be taken lightly. Here are the main reasons for installing a\u00a0<b>fixing system for bike carrier<\/b>\u00a0on your leisure vehicle :<\/p><h3>Safety first and foremost<\/h3><p>Safety is, of course, the top priority: a poorly secured bike rack can lead to serious road accidents or material damage if it comes loose.\u00a0<\/p><h3>Compatibility with your vehicle\u00a0<\/h3><p>It's essential that you choose the right fastening system for your van, to ensure optimum installation and trouble-free use.\u00a0<\/p><h3>Practicality and ease of use\u00a0<\/h3><p>Some mounting systems allow easy access to the boot or rear doors, while others are simple to fit and remove. These practical aspects have a direct impact on the comfort of everyday use.\u00a0<\/p><h3>Durability and robustness<\/h3><p>It is essential that the\u00a0<b>bicycle rack mounting system<\/b>\u00a0is robust in its design, to guarantee the safety of the vehicle and the load. A quality fastener will have maximum longevity and will stand up better to external conditions.\u00a0<\/p><p>To meet all these criteria, Mecatek has developed a complete range of solutions combining safety, practicality and robustness.\u00a0<\/p><h2>The different types of bike rack mountings\u00a0<\/h2><p>There are several types of attachment for bike racks. The main systems are as follows:\u00a0<\/p><h3>Attaching to the towball<\/h3><p>This versatile solution is easy to install and compatible with a wide range of vehicles. It allows several bikes to be transported without modifying the structure of the motorhome or van. One of the key features of this fixing system is that it can be installed quickly, while allowing the bike carrier to be easily detached when required.\u00a0<\/p><p>The models developed by\u00a0<b>Mecatek's innovative tilting system sets them apart<\/b>, This allows easy access to the boot, even when the bikes are loaded. The range also includes reinforced versions, specially designed to carry electric bikes. Discover the <a href=\"https:\/\/mecatek.eu\/en\/product\/bike-carrier-on-ball-hitch-for-renault-trafic-3-vans\/\">bike carrier on towball<\/a> for vans by Mecatek!<\/p><p><img fetchpriority=\"high\" decoding=\"async\" class=\"alignnone size-full wp-image-1857\" src=\"http:\/\/mecatek.eu\/wp-content\/uploads\/2026\/01\/Fixation-sur-boule-attelage_002.jpeg\" alt=\"\" width=\"1200\" height=\"795\" srcset=\"https:\/\/mecatek.eu\/wp-content\/uploads\/2026\/01\/Fixation-sur-boule-attelage_002.jpeg 1200w, https:\/\/mecatek.eu\/wp-content\/uploads\/2026\/01\/Fixation-sur-boule-attelage_002-500x331.jpeg 500w, https:\/\/mecatek.eu\/wp-content\/uploads\/2026\/01\/Fixation-sur-boule-attelage_002-300x199.jpeg 300w, https:\/\/mecatek.eu\/wp-content\/uploads\/2026\/01\/Fixation-sur-boule-attelage_002-1024x678.jpeg 1024w, https:\/\/mecatek.eu\/wp-content\/uploads\/2026\/01\/Fixation-sur-boule-attelage_002-768x509.jpeg 768w\" sizes=\"(max-width: 1200px) 100vw, 1200px\" \/><\/p><h3>Mounting under the vehicle chassis<\/h3><p>The undercarriage mounting system is a robust solution that is particularly suitable for motorhomes or vans with an extended chassis. Firmly attached to the chassis, this system can support heavier loads, making it the ideal option for transporting electric or particularly heavy bikes. What's more, it's a fixed solution that doesn't impede access to the rear doors or boot.\u00a0<\/p><p><b>Mecatek offers made-to-measure models<\/b>, which are specifically designed to fit different types of chassis, ensuring optimum compatibility with a wide range of different vehicles.\u00a0<\/p><p><b>Discover our Van-Bike 3 range:<\/b><\/p><ul><li><a href=\"https:\/\/mecatek.eu\/en\/product\/van-bike-3-bike-carrier-for-ford-custom-van\/\">Bike carrier for Ford Custom<\/a><\/li><li><a href=\"https:\/\/mecatek.eu\/en\/product\/bike-carrier-van-bike-3-for-renault-master\/\">Bike carrier for Renault Master<\/a><\/li><\/ul><p><b>Discover the Agito range:\u00a0<\/b><\/p><ul><li><a href=\"https:\/\/mecatek.eu\/en\/product\/agito-top-van-bike-rack\/\">Agito top bike carrier<\/a><\/li><li><a href=\"https:\/\/mecatek.eu\/en\/product\/motorbike-carrier-for-agito-1-van\/\">Agito 1 bike carrier<\/a><\/li><\/ul><div><img decoding=\"async\" class=\"alignnone size-full wp-image-1856\" src=\"http:\/\/mecatek.eu\/wp-content\/uploads\/2026\/01\/Fixation-sous-chassis_002.jpeg\" alt=\"\" width=\"1200\" height=\"800\" srcset=\"https:\/\/mecatek.eu\/wp-content\/uploads\/2026\/01\/Fixation-sous-chassis_002.jpeg 1200w, https:\/\/mecatek.eu\/wp-content\/uploads\/2026\/01\/Fixation-sous-chassis_002-500x333.jpeg 500w, https:\/\/mecatek.eu\/wp-content\/uploads\/2026\/01\/Fixation-sous-chassis_002-300x200.jpeg 300w, https:\/\/mecatek.eu\/wp-content\/uploads\/2026\/01\/Fixation-sous-chassis_002-1024x683.jpeg 1024w, https:\/\/mecatek.eu\/wp-content\/uploads\/2026\/01\/Fixation-sous-chassis_002-768x512.jpeg 768w\" sizes=\"(max-width: 1200px) 100vw, 1200px\" \/><\/div><h3>Mounting on the rear door hinges<\/h3><p>There is also a system designed to be fixed directly to the vehicle's rear door hinges. This type of fixing is ideal for vans and converted vans. The main advantage of this system is that it requires no modification to the bodywork. There's no need to drill holes in the bodywork or modify the structure of the vehicle to install it.\u00a0<\/p><p>This fixing system is also characterised by its lightness, which does not prevent it from offering an excellent payload.\u00a0<b>Mecatek offers lightweight, functional systems<\/b>, These can be used to open the rear doors of the vehicle without having to dismantle the bike rack first.\u00a0<\/p><p><b>Discover our Van-Bike 2 range:<\/b><\/p><ul><li><a href=\"https:\/\/mecatek.eu\/en\/product\/bike-racks-for-van-bike-2-vans\/\">Hinged bike carrier for Fiat Ducato vans<\/a><\/li><li><a href=\"https:\/\/mecatek.eu\/en\/product\/adventure-rack-load-carrier\/\">Load carriers for bicycles or Adventure Rack boxes<\/a><\/li><\/ul><p><img decoding=\"async\" class=\"alignnone size-full wp-image-1855\" src=\"http:\/\/mecatek.eu\/wp-content\/uploads\/2026\/01\/Fixation-charnieres-portes-arriere_003.jpeg\" alt=\"\" width=\"1200\" height=\"800\" srcset=\"https:\/\/mecatek.eu\/wp-content\/uploads\/2026\/01\/Fixation-charnieres-portes-arriere_003.jpeg 1200w, https:\/\/mecatek.eu\/wp-content\/uploads\/2026\/01\/Fixation-charnieres-portes-arriere_003-500x333.jpeg 500w, https:\/\/mecatek.eu\/wp-content\/uploads\/2026\/01\/Fixation-charnieres-portes-arriere_003-300x200.jpeg 300w, https:\/\/mecatek.eu\/wp-content\/uploads\/2026\/01\/Fixation-charnieres-portes-arriere_003-1024x683.jpeg 1024w, https:\/\/mecatek.eu\/wp-content\/uploads\/2026\/01\/Fixation-charnieres-portes-arriere_003-768x512.jpeg 768w\" sizes=\"(max-width: 1200px) 100vw, 1200px\" \/><\/p><h2>How do you choose the ideal mount for your vehicle?<\/h2><p>Choosing the ideal fixing system depends on a number of key criteria.\u00a0<\/p><p>The first thing to consider is, of course, the type of vehicle you own, as each category has its own particularities that need to be taken into account.\u00a0<\/p><p>The number of bikes to be transported is also a decisive criterion to be taken into account, as is the total weight that will have to be supported by the fixing system, particularly if you plan to transport electric bikes.<\/p><p>Frequency of use is also a factor not to be overlooked: regular use will require a particularly robust and practical solution.\u00a0<\/p><p>To help you choose\u00a0<b>the best fit for your needs and your vehicle<\/b>, the experts at\u00a0<b>Mecatek supports you<\/b>\u00a0by providing you with personalised advice.\u00a0<\/p><h2>Installing and maintaining your bike rack mounting\u00a0<\/h2><p>Correct installation will guarantee the safety and longevity of your equipment. Before setting off, it is essential to\u00a0<b>check fasteners for tightness<\/b>, In addition to ensuring the stability of the bicycles, it is also important to ensure that the bicycle rack does not impede visibility or access to the vehicle boot.\u00a0<\/p><p>A\u00a0<b>regular maintenance<\/b>\u00a0will significantly extend the life of your installation. Frequent cleaning of fixings is essential to prevent wear, as is systematic checking of moving parts (hinges, locking systems).\u00a0<\/p><p>Mecatek's solutions are designed to be both robust and easy to maintain, making them suitable for long journeys and a wide range of weather conditions.\u00a0<\/p><p>Choosing the right bike rack mount is therefore an essential investment if you want to travel and transport your bikes with complete peace of mind. Mecatek's expertise in leisure vehicle equipment means we can offer solutions tailored to the specific needs of each user.\u00a0<\/p><p>Discover our full range of bike rack fixings and take advantage of our experts' expert advice to make sure you make the right choice. At Mecatek, your satisfaction is our top priority!<\/p>\t\t\t\t\t\t\t\t<\/div>\n\t\t\t\t\t<\/div>\n\t\t\t\t<\/div>\n\t\t\t\t<\/div>","protected":false},"excerpt":{"rendered":"<p>D\u00e9couvrez les types de fixation pour portes v\u00e9lo et leurs avantages : sur charni\u00e8res des portes arri\u00e8re, sous le ch\u00e2ssis du fourgon ou sur la boule d&rsquo;attelage. <\/p>","protected":false},"author":1,"featured_media":1859,"comment_status":"closed","ping_status":"closed","sticky":false,"template":"","format":"standard","meta":{"footnotes":""},"categories":[91],"tags":[93],"class_list":["post-1854","post","type-post","status-publish","format-standard","has-post-thumbnail","hentry","category-infos-techniques","tag-highlight"],"blocksy_meta":[],"yoast_head":"<!-- This site is optimized with the Yoast SEO plugin v26.9 - https:\/\/yoast.com\/product\/yoast-seo-wordpress\/ -->\n<title>Les types de fixation pour les portes v\u00e9lo - Mecatek (ex-Sawiko France)<\/title>\n<meta name=\"description\" content=\"Fixation d&#039;un porte-v\u00e9los sur un fourgon ou un van, d\u00e9couvrez les divers types de fixations : sur charni\u00e8res des portes arri\u00e8re, sous ch\u00e2ssis du fourgon ou sur la boule d&#039;attelage\" \/>\n<meta name=\"robots\" content=\"index, follow, max-snippet:-1, max-image-preview:large, max-video-preview:-1\" \/>\n<link rel=\"canonical\" href=\"https:\/\/mecatek.eu\/en\/types-of-mounting-for-bicycle-doors\/\" \/>\n<meta property=\"og:locale\" content=\"en_GB\" \/>\n<meta property=\"og:type\" content=\"article\" \/>\n<meta property=\"og:title\" content=\"Les types de fixation pour les portes v\u00e9lo - Mecatek (ex-Sawiko France)\" \/>\n<meta property=\"og:description\" content=\"Fixation d&#039;un porte-v\u00e9los sur un fourgon ou un van, d\u00e9couvrez les divers types de fixations : sur charni\u00e8res des portes arri\u00e8re, sous ch\u00e2ssis du fourgon ou sur la boule d&#039;attelage\" \/>\n<meta property=\"og:url\" content=\"https:\/\/mecatek.eu\/en\/types-of-mounting-for-bicycle-doors\/\" \/>\n<meta property=\"og:site_name\" content=\"Mecatek (ex-Sawiko France)\" \/>\n<meta property=\"article:published_time\" content=\"2025-02-20T14:51:00+00:00\" \/>\n<meta property=\"article:modified_time\" content=\"2026-01-29T20:55:28+00:00\" \/>\n<meta property=\"og:image\" content=\"http:\/\/mecatek.eu\/wp-content\/uploads\/2025\/02\/Fixation-charnieres-portes-arriere_005.jpeg\" \/>\n\t<meta property=\"og:image:width\" content=\"1200\" \/>\n\t<meta property=\"og:image:height\" content=\"795\" \/>\n\t<meta property=\"og:image:type\" content=\"image\/jpeg\" \/>\n<meta name=\"author\" content=\"admin-MCK67920_fk\" \/>\n<meta name=\"twitter:card\" content=\"summary_large_image\" \/>\n<meta name=\"twitter:label1\" content=\"Written by\" \/>\n\t<meta name=\"twitter:data1\" content=\"admin-MCK67920_fk\" \/>\n\t<meta name=\"twitter:label2\" content=\"Estimated reading time\" \/>\n\t<meta name=\"twitter:data2\" content=\"7 minutes\" \/>\n<script type=\"application\/ld+json\" class=\"yoast-schema-graph\">{\"@context\":\"https:\/\/schema.org\",\"@graph\":[{\"@type\":\"Article\",\"@id\":\"https:\/\/mecatek.eu\/les-types-de-fixation-pour-les-portes-velo\/#article\",\"isPartOf\":{\"@id\":\"https:\/\/mecatek.eu\/les-types-de-fixation-pour-les-portes-velo\/\"},\"author\":{\"name\":\"admin-MCK67920_fk\",\"@id\":\"https:\/\/mecatek.eu\/#\/schema\/person\/6c00cd79ec83ffb6593d21493507e739\"},\"headline\":\"Les types de fixation pour les portes v\u00e9lo\",\"datePublished\":\"2025-02-20T14:51:00+00:00\",\"dateModified\":\"2026-01-29T20:55:28+00:00\",\"mainEntityOfPage\":{\"@id\":\"https:\/\/mecatek.eu\/les-types-de-fixation-pour-les-portes-velo\/\"},\"wordCount\":1449,\"publisher\":{\"@id\":\"https:\/\/mecatek.eu\/#organization\"},\"image\":{\"@id\":\"https:\/\/mecatek.eu\/les-types-de-fixation-pour-les-portes-velo\/#primaryimage\"},\"thumbnailUrl\":\"https:\/\/mecatek.eu\/wp-content\/uploads\/2025\/02\/Fixation-charnieres-portes-arriere_005.jpeg\",\"keywords\":[\"Highlight\"],\"articleSection\":[\"Infos techniques\"],\"inLanguage\":\"en-GB\"},{\"@type\":\"WebPage\",\"@id\":\"https:\/\/mecatek.eu\/les-types-de-fixation-pour-les-portes-velo\/\",\"url\":\"https:\/\/mecatek.eu\/les-types-de-fixation-pour-les-portes-velo\/\",\"name\":\"Les types de fixation pour les portes v\u00e9lo - Mecatek (ex-Sawiko France)\",\"isPartOf\":{\"@id\":\"https:\/\/mecatek.eu\/#website\"},\"primaryImageOfPage\":{\"@id\":\"https:\/\/mecatek.eu\/les-types-de-fixation-pour-les-portes-velo\/#primaryimage\"},\"image\":{\"@id\":\"https:\/\/mecatek.eu\/les-types-de-fixation-pour-les-portes-velo\/#primaryimage\"},\"thumbnailUrl\":\"https:\/\/mecatek.eu\/wp-content\/uploads\/2025\/02\/Fixation-charnieres-portes-arriere_005.jpeg\",\"datePublished\":\"2025-02-20T14:51:00+00:00\",\"dateModified\":\"2026-01-29T20:55:28+00:00\",\"description\":\"Fixation d'un porte-v\u00e9los sur un fourgon ou un van, d\u00e9couvrez les divers types de fixations : sur charni\u00e8res des portes arri\u00e8re, sous ch\u00e2ssis du fourgon ou sur la boule d'attelage\",\"breadcrumb\":{\"@id\":\"https:\/\/mecatek.eu\/les-types-de-fixation-pour-les-portes-velo\/#breadcrumb\"},\"inLanguage\":\"en-GB\",\"potentialAction\":[{\"@type\":\"ReadAction\",\"target\":[\"https:\/\/mecatek.eu\/les-types-de-fixation-pour-les-portes-velo\/\"]}]},{\"@type\":\"ImageObject\",\"inLanguage\":\"en-GB\",\"@id\":\"https:\/\/mecatek.eu\/les-types-de-fixation-pour-les-portes-velo\/#primaryimage\",\"url\":\"https:\/\/mecatek.eu\/wp-content\/uploads\/2025\/02\/Fixation-charnieres-portes-arriere_005.jpeg\",\"contentUrl\":\"https:\/\/mecatek.eu\/wp-content\/uploads\/2025\/02\/Fixation-charnieres-portes-arriere_005.jpeg\",\"width\":1200,\"height\":795,\"caption\":\"Fixation sur les charni\u00e8res des portes arri\u00e8re du fourgon\"},{\"@type\":\"BreadcrumbList\",\"@id\":\"https:\/\/mecatek.eu\/les-types-de-fixation-pour-les-portes-velo\/#breadcrumb\",\"itemListElement\":[{\"@type\":\"ListItem\",\"position\":1,\"name\":\"Accueil\",\"item\":\"https:\/\/mecatek.eu\/\"},{\"@type\":\"ListItem\",\"position\":2,\"name\":\"Les types de fixation pour les portes v\u00e9lo\"}]},{\"@type\":\"WebSite\",\"@id\":\"https:\/\/mecatek.eu\/#website\",\"url\":\"https:\/\/mecatek.eu\/\",\"name\":\"Mecatek (ex-Sawiko France)\",\"description\":\"Fabricant d&#039;attelages pour camping-car et fourgon - Mecatek\",\"publisher\":{\"@id\":\"https:\/\/mecatek.eu\/#organization\"},\"potentialAction\":[{\"@type\":\"SearchAction\",\"target\":{\"@type\":\"EntryPoint\",\"urlTemplate\":\"https:\/\/mecatek.eu\/?s={search_term_string}\"},\"query-input\":{\"@type\":\"PropertyValueSpecification\",\"valueRequired\":true,\"valueName\":\"search_term_string\"}}],\"inLanguage\":\"en-GB\"},{\"@type\":\"Organization\",\"@id\":\"https:\/\/mecatek.eu\/#organization\",\"name\":\"Mecatek (ex-Sawiko France)\",\"url\":\"https:\/\/mecatek.eu\/\",\"logo\":{\"@type\":\"ImageObject\",\"inLanguage\":\"en-GB\",\"@id\":\"https:\/\/mecatek.eu\/#\/schema\/logo\/image\/\",\"url\":\"http:\/\/mecatek.eu\/wp-content\/uploads\/2026\/01\/Logo-Mecatek-Solutions-techniques-2025-300px.png\",\"contentUrl\":\"http:\/\/mecatek.eu\/wp-content\/uploads\/2026\/01\/Logo-Mecatek-Solutions-techniques-2025-300px.png\",\"width\":400,\"height\":94,\"caption\":\"Mecatek (ex-Sawiko France)\"},\"image\":{\"@id\":\"https:\/\/mecatek.eu\/#\/schema\/logo\/image\/\"}},{\"@type\":\"Person\",\"@id\":\"https:\/\/mecatek.eu\/#\/schema\/person\/6c00cd79ec83ffb6593d21493507e739\",\"name\":\"admin-MCK67920_fk\",\"image\":{\"@type\":\"ImageObject\",\"inLanguage\":\"en-GB\",\"@id\":\"https:\/\/mecatek.eu\/#\/schema\/person\/image\/\",\"url\":\"https:\/\/secure.gravatar.com\/avatar\/60017e7bedeb00a1bc3329d075dd4782f881081b9c1f7277e4798e7fba3c8d2a?s=96&d=mm&r=g\",\"contentUrl\":\"https:\/\/secure.gravatar.com\/avatar\/60017e7bedeb00a1bc3329d075dd4782f881081b9c1f7277e4798e7fba3c8d2a?s=96&d=mm&r=g\",\"caption\":\"admin-MCK67920_fk\"},\"sameAs\":[\"http:\/\/mecatek.eu\"]}]}<\/script>\n<!-- \/ Yoast SEO plugin. -->","yoast_head_json":{"title":"Types of mounting for bike racks - Mecatek (ex-Sawiko France)","description":"How to fit a bike carrier to a van, find out about the different types of fixing: on the rear door hinges, under the van chassis or on the towball...","robots":{"index":"index","follow":"follow","max-snippet":"max-snippet:-1","max-image-preview":"max-image-preview:large","max-video-preview":"max-video-preview:-1"},"canonical":"https:\/\/mecatek.eu\/en\/types-of-mounting-for-bicycle-doors\/","og_locale":"en_GB","og_type":"article","og_title":"Les types de fixation pour les portes v\u00e9lo - Mecatek (ex-Sawiko France)","og_description":"Fixation d'un porte-v\u00e9los sur un fourgon ou un van, d\u00e9couvrez les divers types de fixations : sur charni\u00e8res des portes arri\u00e8re, sous ch\u00e2ssis du fourgon ou sur la boule d'attelage","og_url":"https:\/\/mecatek.eu\/en\/types-of-mounting-for-bicycle-doors\/","og_site_name":"Mecatek (ex-Sawiko France)","article_published_time":"2025-02-20T14:51:00+00:00","article_modified_time":"2026-01-29T20:55:28+00:00","og_image":[{"width":1200,"height":795,"url":"http:\/\/mecatek.eu\/wp-content\/uploads\/2025\/02\/Fixation-charnieres-portes-arriere_005.jpeg","type":"image\/jpeg"}],"author":"admin-MCK67920_fk","twitter_card":"summary_large_image","twitter_misc":{"Written by":"admin-MCK67920_fk","Estimated reading time":"7 minutes"},"schema":{"@context":"https:\/\/schema.org","@graph":[{"@type":"Article","@id":"https:\/\/mecatek.eu\/les-types-de-fixation-pour-les-portes-velo\/#article","isPartOf":{"@id":"https:\/\/mecatek.eu\/les-types-de-fixation-pour-les-portes-velo\/"},"author":{"name":"admin-MCK67920_fk","@id":"https:\/\/mecatek.eu\/#\/schema\/person\/6c00cd79ec83ffb6593d21493507e739"},"headline":"Les types de fixation pour les portes v\u00e9lo","datePublished":"2025-02-20T14:51:00+00:00","dateModified":"2026-01-29T20:55:28+00:00","mainEntityOfPage":{"@id":"https:\/\/mecatek.eu\/les-types-de-fixation-pour-les-portes-velo\/"},"wordCount":1449,"publisher":{"@id":"https:\/\/mecatek.eu\/#organization"},"image":{"@id":"https:\/\/mecatek.eu\/les-types-de-fixation-pour-les-portes-velo\/#primaryimage"},"thumbnailUrl":"https:\/\/mecatek.eu\/wp-content\/uploads\/2025\/02\/Fixation-charnieres-portes-arriere_005.jpeg","keywords":["Highlight"],"articleSection":["Infos techniques"],"inLanguage":"en-GB"},{"@type":"WebPage","@id":"https:\/\/mecatek.eu\/les-types-de-fixation-pour-les-portes-velo\/","url":"https:\/\/mecatek.eu\/les-types-de-fixation-pour-les-portes-velo\/","name":"Types of mounting for bike racks - Mecatek (ex-Sawiko France)","isPartOf":{"@id":"https:\/\/mecatek.eu\/#website"},"primaryImageOfPage":{"@id":"https:\/\/mecatek.eu\/les-types-de-fixation-pour-les-portes-velo\/#primaryimage"},"image":{"@id":"https:\/\/mecatek.eu\/les-types-de-fixation-pour-les-portes-velo\/#primaryimage"},"thumbnailUrl":"https:\/\/mecatek.eu\/wp-content\/uploads\/2025\/02\/Fixation-charnieres-portes-arriere_005.jpeg","datePublished":"2025-02-20T14:51:00+00:00","dateModified":"2026-01-29T20:55:28+00:00","description":"How to fit a bike carrier to a van, find out about the different types of fixing: on the rear door hinges, under the van chassis or on the towball...","breadcrumb":{"@id":"https:\/\/mecatek.eu\/les-types-de-fixation-pour-les-portes-velo\/#breadcrumb"},"inLanguage":"en-GB","potentialAction":[{"@type":"ReadAction","target":["https:\/\/mecatek.eu\/les-types-de-fixation-pour-les-portes-velo\/"]}]},{"@type":"ImageObject","inLanguage":"en-GB","@id":"https:\/\/mecatek.eu\/les-types-de-fixation-pour-les-portes-velo\/#primaryimage","url":"https:\/\/mecatek.eu\/wp-content\/uploads\/2025\/02\/Fixation-charnieres-portes-arriere_005.jpeg","contentUrl":"https:\/\/mecatek.eu\/wp-content\/uploads\/2025\/02\/Fixation-charnieres-portes-arriere_005.jpeg","width":1200,"height":795,"caption":"Fixation sur les charni\u00e8res des portes arri\u00e8re du fourgon"},{"@type":"BreadcrumbList","@id":"https:\/\/mecatek.eu\/les-types-de-fixation-pour-les-portes-velo\/#breadcrumb","itemListElement":[{"@type":"ListItem","position":1,"name":"Accueil","item":"https:\/\/mecatek.eu\/"},{"@type":"ListItem","position":2,"name":"Les types de fixation pour les portes v\u00e9lo"}]},{"@type":"WebSite","@id":"https:\/\/mecatek.eu\/#website","url":"https:\/\/mecatek.eu\/","name":"Mecatek (formerly Sawiko France)","description":"Manufacturer of towbars for motorhomes and vans - Mecatek","publisher":{"@id":"https:\/\/mecatek.eu\/#organization"},"potentialAction":[{"@type":"SearchAction","target":{"@type":"EntryPoint","urlTemplate":"https:\/\/mecatek.eu\/?s={search_term_string}"},"query-input":{"@type":"PropertyValueSpecification","valueRequired":true,"valueName":"search_term_string"}}],"inLanguage":"en-GB"},{"@type":"Organization","@id":"https:\/\/mecatek.eu\/#organization","name":"Mecatek (formerly Sawiko France)","url":"https:\/\/mecatek.eu\/","logo":{"@type":"ImageObject","inLanguage":"en-GB","@id":"https:\/\/mecatek.eu\/#\/schema\/logo\/image\/","url":"http:\/\/mecatek.eu\/wp-content\/uploads\/2026\/01\/Logo-Mecatek-Solutions-techniques-2025-300px.png","contentUrl":"http:\/\/mecatek.eu\/wp-content\/uploads\/2026\/01\/Logo-Mecatek-Solutions-techniques-2025-300px.png","width":400,"height":94,"caption":"Mecatek (ex-Sawiko France)"},"image":{"@id":"https:\/\/mecatek.eu\/#\/schema\/logo\/image\/"}},{"@type":"Person","@id":"https:\/\/mecatek.eu\/#\/schema\/person\/6c00cd79ec83ffb6593d21493507e739","name":"admin-MCK67920_fk","image":{"@type":"ImageObject","inLanguage":"en-GB","@id":"https:\/\/mecatek.eu\/#\/schema\/person\/image\/","url":"https:\/\/secure.gravatar.com\/avatar\/60017e7bedeb00a1bc3329d075dd4782f881081b9c1f7277e4798e7fba3c8d2a?s=96&d=mm&r=g","contentUrl":"https:\/\/secure.gravatar.com\/avatar\/60017e7bedeb00a1bc3329d075dd4782f881081b9c1f7277e4798e7fba3c8d2a?s=96&d=mm&r=g","caption":"admin-MCK67920_fk"},"sameAs":["http:\/\/mecatek.eu"]}]}},"_links":{"self":[{"href":"https:\/\/mecatek.eu\/en\/wp-json\/wp\/v2\/posts\/1854","targetHints":{"allow":["GET"]}}],"collection":[{"href":"https:\/\/mecatek.eu\/en\/wp-json\/wp\/v2\/posts"}],"about":[{"href":"https:\/\/mecatek.eu\/en\/wp-json\/wp\/v2\/types\/post"}],"author":[{"embeddable":true,"href":"https:\/\/mecatek.eu\/en\/wp-json\/wp\/v2\/users\/1"}],"replies":[{"embeddable":true,"href":"https:\/\/mecatek.eu\/en\/wp-json\/wp\/v2\/comments?post=1854"}],"version-history":[{"count":17,"href":"https:\/\/mecatek.eu\/en\/wp-json\/wp\/v2\/posts\/1854\/revisions"}],"predecessor-version":[{"id":2681,"href":"https:\/\/mecatek.eu\/en\/wp-json\/wp\/v2\/posts\/1854\/revisions\/2681"}],"wp:featuredmedia":[{"embeddable":true,"href":"https:\/\/mecatek.eu\/en\/wp-json\/wp\/v2\/media\/1859"}],"wp:attachment":[{"href":"https:\/\/mecatek.eu\/en\/wp-json\/wp\/v2\/media?parent=1854"}],"wp:term":[{"taxonomy":"category","embeddable":true,"href":"https:\/\/mecatek.eu\/en\/wp-json\/wp\/v2\/categories?post=1854"},{"taxonomy":"post_tag","embeddable":true,"href":"https:\/\/mecatek.eu\/en\/wp-json\/wp\/v2\/tags?post=1854"}],"curies":[{"name":"wp","href":"https:\/\/api.w.org\/{rel}","templated":true}]}}