{"id":2585,"date":"2018-11-05T11:50:00","date_gmt":"2018-11-05T10:50:00","guid":{"rendered":"https:\/\/mecatek.eu\/?p=2585"},"modified":"2026-01-29T22:05:41","modified_gmt":"2026-01-29T21:05:41","slug":"anhangerkupplung-fur-citroen-campster","status":"publish","type":"post","link":"https:\/\/mecatek.eu\/de\/anhangerkupplung-fur-citroen-campster\/","title":{"rendered":"Anh\u00e4ngerkupplung f\u00fcr Citro\u00ebn Campster"},"content":{"rendered":"<div data-elementor-type=\"wp-post\" data-elementor-id=\"2585\" class=\"elementor elementor-2585\" data-elementor-post-type=\"post\">\n\t\t\t\t<div class=\"elementor-element elementor-element-346fe49 e-flex e-con-boxed e-con e-parent\" data-id=\"346fe49\" data-element_type=\"container\" data-e-type=\"container\">\n\t\t\t\t\t<div class=\"e-con-inner\">\n\t\t\t\t<div class=\"elementor-element elementor-element-5a62dca elementor-widget elementor-widget-text-editor\" data-id=\"5a62dca\" data-element_type=\"widget\" data-e-type=\"widget\" data-widget_type=\"text-editor.default\">\n\t\t\t\t\t\t\t\t\t<p>Entdecken Sie unser Angebot an\u2019<strong>Anh\u00e4ngerkupplung f\u00fcr Citro\u00ebn Campster<\/strong>.<\/p><p><a href=\"https:\/\/mecatek.eu\/de\/produkt\/anhangerkupplungen-fur-lieferwagen-und-vans\/\">Siehe das Sortiment an Anh\u00e4ngerkupplungen f\u00fcr Lieferwagen und Vans<\/a><\/p>\t\t\t\t\t\t\t\t<\/div>\n\t\t\t\t\t<\/div>\n\t\t\t\t<\/div>\n\t\t\t\t<\/div>","protected":false},"excerpt":{"rendered":"<p>Sehen Sie sich unser Angebot an Anh\u00e4ngerkupplungen f\u00fcr Citro\u00ebn Campster an. Sehen Sie sich das Sortiment an Anh\u00e4ngerkupplungen f\u00fcr Lieferwagen und Vans an<\/p>","protected":false},"author":1,"featured_media":2586,"comment_status":"closed","ping_status":"closed","sticky":false,"template":"","format":"standard","meta":{"footnotes":""},"categories":[26],"tags":[],"class_list":["post-2585","post","type-post","status-publish","format-standard","has-post-thumbnail","hentry","category-nouveautes"],"blocksy_meta":[],"yoast_head":"<!-- This site is optimized with the Yoast SEO plugin v26.9 - https:\/\/yoast.com\/product\/yoast-seo-wordpress\/ -->\n<title>Attache-remorques pour Citro\u00ebn Campster - Mecatek (ex-Sawiko France)<\/title>\n<meta name=\"description\" content=\"Mecatek vous propose des attache-remorques sp\u00e9ciales pour votre van am\u00e9nag\u00e9 Citro\u00ebn Campster\" \/>\n<meta name=\"robots\" content=\"index, follow, max-snippet:-1, max-image-preview:large, max-video-preview:-1\" \/>\n<link rel=\"canonical\" href=\"https:\/\/mecatek.eu\/de\/anhangerkupplung-fur-citroen-campster\/\" \/>\n<meta property=\"og:locale\" content=\"de_DE\" \/>\n<meta property=\"og:type\" content=\"article\" \/>\n<meta property=\"og:title\" content=\"Attache-remorques pour Citro\u00ebn Campster - Mecatek (ex-Sawiko France)\" \/>\n<meta property=\"og:description\" content=\"Mecatek vous propose des attache-remorques sp\u00e9ciales pour votre van am\u00e9nag\u00e9 Citro\u00ebn Campster\" \/>\n<meta property=\"og:url\" content=\"https:\/\/mecatek.eu\/de\/anhangerkupplung-fur-citroen-campster\/\" \/>\n<meta property=\"og:site_name\" content=\"Mecatek (ex-Sawiko France)\" \/>\n<meta property=\"article:published_time\" content=\"2018-11-05T10:50:00+00:00\" \/>\n<meta property=\"article:modified_time\" content=\"2026-01-29T21:05:41+00:00\" \/>\n<meta property=\"og:image\" content=\"http:\/\/mecatek.eu\/wp-content\/uploads\/2026\/01\/Attelage-Citroen-Campster.jpg\" \/>\n\t<meta property=\"og:image:width\" content=\"1200\" \/>\n\t<meta property=\"og:image:height\" content=\"900\" \/>\n\t<meta property=\"og:image:type\" content=\"image\/jpeg\" \/>\n<meta name=\"author\" content=\"admin-MCK67920_fk\" \/>\n<meta name=\"twitter:card\" content=\"summary_large_image\" \/>\n<meta name=\"twitter:label1\" content=\"Verfasst von\" \/>\n\t<meta name=\"twitter:data1\" content=\"admin-MCK67920_fk\" \/>\n\t<meta name=\"twitter:label2\" content=\"Gesch\u00e4tzte Lesezeit\" \/>\n\t<meta name=\"twitter:data2\" content=\"1\u00a0Minute\" \/>\n<script type=\"application\/ld+json\" class=\"yoast-schema-graph\">{\"@context\":\"https:\/\/schema.org\",\"@graph\":[{\"@type\":\"Article\",\"@id\":\"https:\/\/mecatek.eu\/attache-remorques-pour-citroen-campster\/#article\",\"isPartOf\":{\"@id\":\"https:\/\/mecatek.eu\/attache-remorques-pour-citroen-campster\/\"},\"author\":{\"name\":\"admin-MCK67920_fk\",\"@id\":\"https:\/\/mecatek.eu\/#\/schema\/person\/6c00cd79ec83ffb6593d21493507e739\"},\"headline\":\"Attache-remorques pour Citro\u00ebn Campster\",\"datePublished\":\"2018-11-05T10:50:00+00:00\",\"dateModified\":\"2026-01-29T21:05:41+00:00\",\"mainEntityOfPage\":{\"@id\":\"https:\/\/mecatek.eu\/attache-remorques-pour-citroen-campster\/\"},\"wordCount\":24,\"publisher\":{\"@id\":\"https:\/\/mecatek.eu\/#organization\"},\"image\":{\"@id\":\"https:\/\/mecatek.eu\/attache-remorques-pour-citroen-campster\/#primaryimage\"},\"thumbnailUrl\":\"https:\/\/mecatek.eu\/wp-content\/uploads\/2026\/01\/Attelage-Citroen-Campster.jpg\",\"articleSection\":[\"Nouveaut\u00e9s\"],\"inLanguage\":\"de\"},{\"@type\":\"WebPage\",\"@id\":\"https:\/\/mecatek.eu\/attache-remorques-pour-citroen-campster\/\",\"url\":\"https:\/\/mecatek.eu\/attache-remorques-pour-citroen-campster\/\",\"name\":\"Attache-remorques pour Citro\u00ebn Campster - Mecatek (ex-Sawiko France)\",\"isPartOf\":{\"@id\":\"https:\/\/mecatek.eu\/#website\"},\"primaryImageOfPage\":{\"@id\":\"https:\/\/mecatek.eu\/attache-remorques-pour-citroen-campster\/#primaryimage\"},\"image\":{\"@id\":\"https:\/\/mecatek.eu\/attache-remorques-pour-citroen-campster\/#primaryimage\"},\"thumbnailUrl\":\"https:\/\/mecatek.eu\/wp-content\/uploads\/2026\/01\/Attelage-Citroen-Campster.jpg\",\"datePublished\":\"2018-11-05T10:50:00+00:00\",\"dateModified\":\"2026-01-29T21:05:41+00:00\",\"description\":\"Mecatek vous propose des attache-remorques sp\u00e9ciales pour votre van am\u00e9nag\u00e9 Citro\u00ebn Campster\",\"breadcrumb\":{\"@id\":\"https:\/\/mecatek.eu\/attache-remorques-pour-citroen-campster\/#breadcrumb\"},\"inLanguage\":\"de\",\"potentialAction\":[{\"@type\":\"ReadAction\",\"target\":[\"https:\/\/mecatek.eu\/attache-remorques-pour-citroen-campster\/\"]}]},{\"@type\":\"ImageObject\",\"inLanguage\":\"de\",\"@id\":\"https:\/\/mecatek.eu\/attache-remorques-pour-citroen-campster\/#primaryimage\",\"url\":\"https:\/\/mecatek.eu\/wp-content\/uploads\/2026\/01\/Attelage-Citroen-Campster.jpg\",\"contentUrl\":\"https:\/\/mecatek.eu\/wp-content\/uploads\/2026\/01\/Attelage-Citroen-Campster.jpg\",\"width\":1200,\"height\":900,\"caption\":\"Attache-remorques pour Citro\u00ebn Campster\"},{\"@type\":\"BreadcrumbList\",\"@id\":\"https:\/\/mecatek.eu\/attache-remorques-pour-citroen-campster\/#breadcrumb\",\"itemListElement\":[{\"@type\":\"ListItem\",\"position\":1,\"name\":\"Accueil\",\"item\":\"https:\/\/mecatek.eu\/\"},{\"@type\":\"ListItem\",\"position\":2,\"name\":\"Attache-remorques pour Citro\u00ebn Campster\"}]},{\"@type\":\"WebSite\",\"@id\":\"https:\/\/mecatek.eu\/#website\",\"url\":\"https:\/\/mecatek.eu\/\",\"name\":\"Mecatek (ex-Sawiko France)\",\"description\":\"Fabricant d&#039;attelages pour camping-car et fourgon - Mecatek\",\"publisher\":{\"@id\":\"https:\/\/mecatek.eu\/#organization\"},\"potentialAction\":[{\"@type\":\"SearchAction\",\"target\":{\"@type\":\"EntryPoint\",\"urlTemplate\":\"https:\/\/mecatek.eu\/?s={search_term_string}\"},\"query-input\":{\"@type\":\"PropertyValueSpecification\",\"valueRequired\":true,\"valueName\":\"search_term_string\"}}],\"inLanguage\":\"de\"},{\"@type\":\"Organization\",\"@id\":\"https:\/\/mecatek.eu\/#organization\",\"name\":\"Mecatek (ex-Sawiko France)\",\"url\":\"https:\/\/mecatek.eu\/\",\"logo\":{\"@type\":\"ImageObject\",\"inLanguage\":\"de\",\"@id\":\"https:\/\/mecatek.eu\/#\/schema\/logo\/image\/\",\"url\":\"http:\/\/mecatek.eu\/wp-content\/uploads\/2026\/01\/Logo-Mecatek-Solutions-techniques-2025-300px.png\",\"contentUrl\":\"http:\/\/mecatek.eu\/wp-content\/uploads\/2026\/01\/Logo-Mecatek-Solutions-techniques-2025-300px.png\",\"width\":400,\"height\":94,\"caption\":\"Mecatek (ex-Sawiko France)\"},\"image\":{\"@id\":\"https:\/\/mecatek.eu\/#\/schema\/logo\/image\/\"}},{\"@type\":\"Person\",\"@id\":\"https:\/\/mecatek.eu\/#\/schema\/person\/6c00cd79ec83ffb6593d21493507e739\",\"name\":\"admin-MCK67920_fk\",\"image\":{\"@type\":\"ImageObject\",\"inLanguage\":\"de\",\"@id\":\"https:\/\/mecatek.eu\/#\/schema\/person\/image\/\",\"url\":\"https:\/\/secure.gravatar.com\/avatar\/60017e7bedeb00a1bc3329d075dd4782f881081b9c1f7277e4798e7fba3c8d2a?s=96&d=mm&r=g\",\"contentUrl\":\"https:\/\/secure.gravatar.com\/avatar\/60017e7bedeb00a1bc3329d075dd4782f881081b9c1f7277e4798e7fba3c8d2a?s=96&d=mm&r=g\",\"caption\":\"admin-MCK67920_fk\"},\"sameAs\":[\"http:\/\/mecatek.eu\"]}]}<\/script>\n<!-- \/ Yoast SEO plugin. -->","yoast_head_json":{"title":"Anh\u00e4ngerkupplung f\u00fcr Citro\u00ebn Campster - Mecatek (ehemals Sawiko Deutschland)","description":"Mecatek bietet Ihnen spezielle Anh\u00e4ngerkupplungen f\u00fcr Ihren umgebauten Van Citro\u00ebn Campster an","robots":{"index":"index","follow":"follow","max-snippet":"max-snippet:-1","max-image-preview":"max-image-preview:large","max-video-preview":"max-video-preview:-1"},"canonical":"https:\/\/mecatek.eu\/de\/anhangerkupplung-fur-citroen-campster\/","og_locale":"de_DE","og_type":"article","og_title":"Attache-remorques pour Citro\u00ebn Campster - Mecatek (ex-Sawiko France)","og_description":"Mecatek vous propose des attache-remorques sp\u00e9ciales pour votre van am\u00e9nag\u00e9 Citro\u00ebn Campster","og_url":"https:\/\/mecatek.eu\/de\/anhangerkupplung-fur-citroen-campster\/","og_site_name":"Mecatek (ex-Sawiko France)","article_published_time":"2018-11-05T10:50:00+00:00","article_modified_time":"2026-01-29T21:05:41+00:00","og_image":[{"width":1200,"height":900,"url":"http:\/\/mecatek.eu\/wp-content\/uploads\/2026\/01\/Attelage-Citroen-Campster.jpg","type":"image\/jpeg"}],"author":"admin-MCK67920_fk","twitter_card":"summary_large_image","twitter_misc":{"Verfasst von":"admin-MCK67920_fk","Gesch\u00e4tzte Lesezeit":"1\u00a0Minute"},"schema":{"@context":"https:\/\/schema.org","@graph":[{"@type":"Article","@id":"https:\/\/mecatek.eu\/attache-remorques-pour-citroen-campster\/#article","isPartOf":{"@id":"https:\/\/mecatek.eu\/attache-remorques-pour-citroen-campster\/"},"author":{"name":"admin-MCK67920_fk","@id":"https:\/\/mecatek.eu\/#\/schema\/person\/6c00cd79ec83ffb6593d21493507e739"},"headline":"Attache-remorques pour Citro\u00ebn Campster","datePublished":"2018-11-05T10:50:00+00:00","dateModified":"2026-01-29T21:05:41+00:00","mainEntityOfPage":{"@id":"https:\/\/mecatek.eu\/attache-remorques-pour-citroen-campster\/"},"wordCount":24,"publisher":{"@id":"https:\/\/mecatek.eu\/#organization"},"image":{"@id":"https:\/\/mecatek.eu\/attache-remorques-pour-citroen-campster\/#primaryimage"},"thumbnailUrl":"https:\/\/mecatek.eu\/wp-content\/uploads\/2026\/01\/Attelage-Citroen-Campster.jpg","articleSection":["Nouveaut\u00e9s"],"inLanguage":"de"},{"@type":"WebPage","@id":"https:\/\/mecatek.eu\/attache-remorques-pour-citroen-campster\/","url":"https:\/\/mecatek.eu\/attache-remorques-pour-citroen-campster\/","name":"Anh\u00e4ngerkupplung f\u00fcr Citro\u00ebn Campster - Mecatek (ehemals Sawiko Deutschland)","isPartOf":{"@id":"https:\/\/mecatek.eu\/#website"},"primaryImageOfPage":{"@id":"https:\/\/mecatek.eu\/attache-remorques-pour-citroen-campster\/#primaryimage"},"image":{"@id":"https:\/\/mecatek.eu\/attache-remorques-pour-citroen-campster\/#primaryimage"},"thumbnailUrl":"https:\/\/mecatek.eu\/wp-content\/uploads\/2026\/01\/Attelage-Citroen-Campster.jpg","datePublished":"2018-11-05T10:50:00+00:00","dateModified":"2026-01-29T21:05:41+00:00","description":"Mecatek bietet Ihnen spezielle Anh\u00e4ngerkupplungen f\u00fcr Ihren umgebauten Van Citro\u00ebn Campster an","breadcrumb":{"@id":"https:\/\/mecatek.eu\/attache-remorques-pour-citroen-campster\/#breadcrumb"},"inLanguage":"de","potentialAction":[{"@type":"ReadAction","target":["https:\/\/mecatek.eu\/attache-remorques-pour-citroen-campster\/"]}]},{"@type":"ImageObject","inLanguage":"de","@id":"https:\/\/mecatek.eu\/attache-remorques-pour-citroen-campster\/#primaryimage","url":"https:\/\/mecatek.eu\/wp-content\/uploads\/2026\/01\/Attelage-Citroen-Campster.jpg","contentUrl":"https:\/\/mecatek.eu\/wp-content\/uploads\/2026\/01\/Attelage-Citroen-Campster.jpg","width":1200,"height":900,"caption":"Attache-remorques pour Citro\u00ebn Campster"},{"@type":"BreadcrumbList","@id":"https:\/\/mecatek.eu\/attache-remorques-pour-citroen-campster\/#breadcrumb","itemListElement":[{"@type":"ListItem","position":1,"name":"Accueil","item":"https:\/\/mecatek.eu\/"},{"@type":"ListItem","position":2,"name":"Attache-remorques pour Citro\u00ebn Campster"}]},{"@type":"WebSite","@id":"https:\/\/mecatek.eu\/#website","url":"https:\/\/mecatek.eu\/","name":"Mecatek (ehemals Sawiko Frankreich)","description":"Hersteller von Anh\u00e4ngerkupplungen f\u00fcr Wohnmobile und Lieferwagen - Mecatek","publisher":{"@id":"https:\/\/mecatek.eu\/#organization"},"potentialAction":[{"@type":"SearchAction","target":{"@type":"EntryPoint","urlTemplate":"https:\/\/mecatek.eu\/?s={search_term_string}"},"query-input":{"@type":"PropertyValueSpecification","valueRequired":true,"valueName":"search_term_string"}}],"inLanguage":"de"},{"@type":"Organization","@id":"https:\/\/mecatek.eu\/#organization","name":"Mecatek (ehemals Sawiko Frankreich)","url":"https:\/\/mecatek.eu\/","logo":{"@type":"ImageObject","inLanguage":"de","@id":"https:\/\/mecatek.eu\/#\/schema\/logo\/image\/","url":"http:\/\/mecatek.eu\/wp-content\/uploads\/2026\/01\/Logo-Mecatek-Solutions-techniques-2025-300px.png","contentUrl":"http:\/\/mecatek.eu\/wp-content\/uploads\/2026\/01\/Logo-Mecatek-Solutions-techniques-2025-300px.png","width":400,"height":94,"caption":"Mecatek (ex-Sawiko France)"},"image":{"@id":"https:\/\/mecatek.eu\/#\/schema\/logo\/image\/"}},{"@type":"Person","@id":"https:\/\/mecatek.eu\/#\/schema\/person\/6c00cd79ec83ffb6593d21493507e739","name":"admin-MCK67920_fk","image":{"@type":"ImageObject","inLanguage":"de","@id":"https:\/\/mecatek.eu\/#\/schema\/person\/image\/","url":"https:\/\/secure.gravatar.com\/avatar\/60017e7bedeb00a1bc3329d075dd4782f881081b9c1f7277e4798e7fba3c8d2a?s=96&d=mm&r=g","contentUrl":"https:\/\/secure.gravatar.com\/avatar\/60017e7bedeb00a1bc3329d075dd4782f881081b9c1f7277e4798e7fba3c8d2a?s=96&d=mm&r=g","caption":"admin-MCK67920_fk"},"sameAs":["http:\/\/mecatek.eu"]}]}},"_links":{"self":[{"href":"https:\/\/mecatek.eu\/de\/wp-json\/wp\/v2\/posts\/2585","targetHints":{"allow":["GET"]}}],"collection":[{"href":"https:\/\/mecatek.eu\/de\/wp-json\/wp\/v2\/posts"}],"about":[{"href":"https:\/\/mecatek.eu\/de\/wp-json\/wp\/v2\/types\/post"}],"author":[{"embeddable":true,"href":"https:\/\/mecatek.eu\/de\/wp-json\/wp\/v2\/users\/1"}],"replies":[{"embeddable":true,"href":"https:\/\/mecatek.eu\/de\/wp-json\/wp\/v2\/comments?post=2585"}],"version-history":[{"count":7,"href":"https:\/\/mecatek.eu\/de\/wp-json\/wp\/v2\/posts\/2585\/revisions"}],"predecessor-version":[{"id":2717,"href":"https:\/\/mecatek.eu\/de\/wp-json\/wp\/v2\/posts\/2585\/revisions\/2717"}],"wp:featuredmedia":[{"embeddable":true,"href":"https:\/\/mecatek.eu\/de\/wp-json\/wp\/v2\/media\/2586"}],"wp:attachment":[{"href":"https:\/\/mecatek.eu\/de\/wp-json\/wp\/v2\/media?parent=2585"}],"wp:term":[{"taxonomy":"category","embeddable":true,"href":"https:\/\/mecatek.eu\/de\/wp-json\/wp\/v2\/categories?post=2585"},{"taxonomy":"post_tag","embeddable":true,"href":"https:\/\/mecatek.eu\/de\/wp-json\/wp\/v2\/tags?post=2585"}],"curies":[{"name":"wp","href":"https:\/\/api.w.org\/{rel}","templated":true}]}}