{"id":2523,"date":"2022-03-11T14:12:00","date_gmt":"2022-03-11T13:12:00","guid":{"rendered":"https:\/\/mecatek.eu\/?p=2523"},"modified":"2026-01-29T21:48:15","modified_gmt":"2026-01-29T20:48:15","slug":"neuer-fahrradtrager-van-bike-3-fur-ford-custom","status":"publish","type":"post","link":"https:\/\/mecatek.eu\/de\/neuer-fahrradtrager-van-bike-3-fur-ford-custom\/","title":{"rendered":"Neuer Fahrradtr\u00e4ger VAN-BIKE 3 f\u00fcr Ford Custom"},"content":{"rendered":"<div data-elementor-type=\"wp-post\" data-elementor-id=\"2523\" class=\"elementor elementor-2523\" data-elementor-post-type=\"post\">\n\t\t\t\t<div class=\"elementor-element elementor-element-22143ea e-flex e-con-boxed e-con e-parent\" data-id=\"22143ea\" data-element_type=\"container\" data-e-type=\"container\">\n\t\t\t\t\t<div class=\"e-con-inner\">\n\t\t\t\t<div class=\"elementor-element elementor-element-1e7337c elementor-widget elementor-widget-text-editor\" data-id=\"1e7337c\" data-element_type=\"widget\" data-e-type=\"widget\" data-widget_type=\"text-editor.default\">\n\t\t\t\t\t\t\t\t\t<h2>Der Fahrradtr\u00e4ger VAN-BIKE 3 f\u00fcr Ford Custom<\/h2><p>Die Fahrradtr\u00e4ger f\u00fcr Lieferwagen von VAN-BIKE werden um eine neue Variante erweitert:\u00a0<strong>das VAN-BIKE 3 f\u00fcr Ford Custom.<\/strong><\/p><p>Das VAN-BIKE 3, das von Mecatek f\u00fcr Sawiko France entwickelt wurde, verf\u00fcgt \u00fcber eine robuste Halterung, die direkt auf das Chassis des Fahrzeugs geschraubt wird. Im Gegensatz zu anderen technischen L\u00f6sungen auf dem Markt erm\u00f6glicht dieses Konzept der Befestigung am Chassis, dass die T\u00fcren oder die Heckklappe nicht besch\u00e4digt werden. Mit dem VAN-BIKE 3 k\u00f6nnen dank der Nutzlast von 80 kg bis zu zwei E-Bikes und ein Standardfahrrad transportiert werden.<\/p><p>Der Fahrradtr\u00e4ger l\u00e4sst sich um mehr als 90\u00b0 drehen, sodass Sie die Heckklappe oder die Heckt\u00fcren Ihres Transporters vollst\u00e4ndig \u00f6ffnen k\u00f6nnen und Ihr Kofferraum zug\u00e4nglich ist.<\/p><p>Das Modell VAN-BIKE 3 ist ebenfalls klappbar.<\/p><p>Die VAN-BIKE-Reihe ist ein gro\u00dfer Erfolg, insbesondere in der Variante VAN-BIK 2 f\u00fcr Fiat Ducato, Peugeot Boxer, Citro\u00ebn Jumper und Opel Movano (Modell 2022).<\/p>\t\t\t\t\t\t\t\t<\/div>\n\t\t\t\t<div class=\"elementor-element elementor-element-45a283c gallery-spacing-custom elementor-widget elementor-widget-image-gallery\" data-id=\"45a283c\" data-element_type=\"widget\" data-e-type=\"widget\" data-widget_type=\"image-gallery.default\">\n\t\t\t\t\t\t\t<div class=\"elementor-image-gallery\">\n\t\t\t<div id='gallery-1' class='gallery galleryid-2523 gallery-columns-3 gallery-size-woocommerce_single'><figure class='gallery-item'>\n\t\t\t<div class='gallery-icon landscape'>\n\t\t\t\t<a data-elementor-open-lightbox=\"yes\" data-elementor-lightbox-slideshow=\"45a283c\" data-elementor-lightbox-title=\"Porte-v\u00e9los VAN-BIKE 3 pour van Ford Custom\" data-e-action-hash=\"#elementor-action%3Aaction%3Dlightbox%26settings%3DeyJpZCI6MTYyOCwidXJsIjoiaHR0cHM6XC9cL21lY2F0ZWsuZXVcL3dwLWNvbnRlbnRcL3VwbG9hZHNcLzIwMjVcLzEyXC9wb3J0ZS12ZWxvcy12YW4tYmlrZS0zLXBvdXItZm9yZC1jdXN0b20tMTEuanBnIiwic2xpZGVzaG93IjoiNDVhMjgzYyJ9\" href='https:\/\/mecatek.eu\/wp-content\/uploads\/2025\/12\/porte-velos-van-bike-3-pour-ford-custom-11.jpg'><img fetchpriority=\"high\" decoding=\"async\" width=\"500\" height=\"500\" src=\"https:\/\/mecatek.eu\/wp-content\/uploads\/2025\/12\/porte-velos-van-bike-3-pour-ford-custom-11-500x500.jpg\" class=\"attachment-woocommerce_single size-woocommerce_single wp-post-image\" alt=\"Fahrradtr\u00e4ger VAN-BIKE 3 f\u00fcr Ford Custom Van\" srcset=\"https:\/\/mecatek.eu\/wp-content\/uploads\/2025\/12\/porte-velos-van-bike-3-pour-ford-custom-11-500x500.jpg 500w, https:\/\/mecatek.eu\/wp-content\/uploads\/2025\/12\/porte-velos-van-bike-3-pour-ford-custom-11-300x300.jpg 300w, https:\/\/mecatek.eu\/wp-content\/uploads\/2025\/12\/porte-velos-van-bike-3-pour-ford-custom-11-80x80.jpg 80w, https:\/\/mecatek.eu\/wp-content\/uploads\/2025\/12\/porte-velos-van-bike-3-pour-ford-custom-11-150x150.jpg 150w, https:\/\/mecatek.eu\/wp-content\/uploads\/2025\/12\/porte-velos-van-bike-3-pour-ford-custom-11-768x768.jpg 768w, https:\/\/mecatek.eu\/wp-content\/uploads\/2025\/12\/porte-velos-van-bike-3-pour-ford-custom-11.jpg 800w\" sizes=\"(max-width: 500px) 100vw, 500px\" \/><\/a>\n\t\t\t<\/div><\/figure><figure class='gallery-item'>\n\t\t\t<div class='gallery-icon landscape'>\n\t\t\t\t<a data-elementor-open-lightbox=\"yes\" data-elementor-lightbox-slideshow=\"45a283c\" data-elementor-lightbox-title=\"Porte-v\u00e9los VAN-BIKE 3 pour van Ford Custom\" data-e-action-hash=\"#elementor-action%3Aaction%3Dlightbox%26settings%3DeyJpZCI6MTYyNywidXJsIjoiaHR0cHM6XC9cL21lY2F0ZWsuZXVcL3dwLWNvbnRlbnRcL3VwbG9hZHNcLzIwMjVcLzEyXC9wb3J0ZS12ZWxvcy12YW4tYmlrZS0zLXBvdXItZm9yZC1jdXN0b20tMTAuanBnIiwic2xpZGVzaG93IjoiNDVhMjgzYyJ9\" href='https:\/\/mecatek.eu\/wp-content\/uploads\/2025\/12\/porte-velos-van-bike-3-pour-ford-custom-10.jpg'><img decoding=\"async\" width=\"500\" height=\"500\" src=\"https:\/\/mecatek.eu\/wp-content\/uploads\/2025\/12\/porte-velos-van-bike-3-pour-ford-custom-10-500x500.jpg\" class=\"attachment-woocommerce_single size-woocommerce_single wp-post-image\" alt=\"Fahrradtr\u00e4ger VAN-BIKE 3 f\u00fcr Ford Custom Van eingeklappt\" srcset=\"https:\/\/mecatek.eu\/wp-content\/uploads\/2025\/12\/porte-velos-van-bike-3-pour-ford-custom-10-500x500.jpg 500w, https:\/\/mecatek.eu\/wp-content\/uploads\/2025\/12\/porte-velos-van-bike-3-pour-ford-custom-10-300x300.jpg 300w, https:\/\/mecatek.eu\/wp-content\/uploads\/2025\/12\/porte-velos-van-bike-3-pour-ford-custom-10-80x80.jpg 80w, https:\/\/mecatek.eu\/wp-content\/uploads\/2025\/12\/porte-velos-van-bike-3-pour-ford-custom-10-150x150.jpg 150w, https:\/\/mecatek.eu\/wp-content\/uploads\/2025\/12\/porte-velos-van-bike-3-pour-ford-custom-10-768x768.jpg 768w, https:\/\/mecatek.eu\/wp-content\/uploads\/2025\/12\/porte-velos-van-bike-3-pour-ford-custom-10.jpg 800w\" sizes=\"(max-width: 500px) 100vw, 500px\" \/><\/a>\n\t\t\t<\/div><\/figure><figure class='gallery-item'>\n\t\t\t<div class='gallery-icon landscape'>\n\t\t\t\t<a data-elementor-open-lightbox=\"yes\" data-elementor-lightbox-slideshow=\"45a283c\" data-elementor-lightbox-title=\"Porte-v\u00e9los VAN-BIKE 3 pour van Ford Custom\" data-e-action-hash=\"#elementor-action%3Aaction%3Dlightbox%26settings%3DeyJpZCI6MTYyNiwidXJsIjoiaHR0cHM6XC9cL21lY2F0ZWsuZXVcL3dwLWNvbnRlbnRcL3VwbG9hZHNcLzIwMjVcLzEyXC9wb3J0ZS12ZWxvcy12YW4tYmlrZS0zLXBvdXItZm9yZC1jdXN0b20tOS5qcGciLCJzbGlkZXNob3ciOiI0NWEyODNjIn0%3D\" href='https:\/\/mecatek.eu\/wp-content\/uploads\/2025\/12\/porte-velos-van-bike-3-pour-ford-custom-9.jpg'><img decoding=\"async\" width=\"500\" height=\"500\" src=\"https:\/\/mecatek.eu\/wp-content\/uploads\/2025\/12\/porte-velos-van-bike-3-pour-ford-custom-9-500x500.jpg\" class=\"attachment-woocommerce_single size-woocommerce_single wp-post-image\" alt=\"Fahrradtr\u00e4ger VAN-BIKE 3 installiert auf Ford Custom beladen mit 2 Elektrofahrr\u00e4dern\" srcset=\"https:\/\/mecatek.eu\/wp-content\/uploads\/2025\/12\/porte-velos-van-bike-3-pour-ford-custom-9-500x500.jpg 500w, https:\/\/mecatek.eu\/wp-content\/uploads\/2025\/12\/porte-velos-van-bike-3-pour-ford-custom-9-300x300.jpg 300w, https:\/\/mecatek.eu\/wp-content\/uploads\/2025\/12\/porte-velos-van-bike-3-pour-ford-custom-9-80x80.jpg 80w, https:\/\/mecatek.eu\/wp-content\/uploads\/2025\/12\/porte-velos-van-bike-3-pour-ford-custom-9-150x150.jpg 150w, https:\/\/mecatek.eu\/wp-content\/uploads\/2025\/12\/porte-velos-van-bike-3-pour-ford-custom-9-768x768.jpg 768w, https:\/\/mecatek.eu\/wp-content\/uploads\/2025\/12\/porte-velos-van-bike-3-pour-ford-custom-9.jpg 800w\" sizes=\"(max-width: 500px) 100vw, 500px\" \/><\/a>\n\t\t\t<\/div><\/figure>\n\t\t<\/div>\n\t\t<\/div>\n\t\t\t\t\t\t<\/div>\n\t\t\t\t<div class=\"elementor-element elementor-element-5831453 elementor-widget elementor-widget-text-editor\" data-id=\"5831453\" data-element_type=\"widget\" data-e-type=\"widget\" data-widget_type=\"text-editor.default\">\n\t\t\t\t\t\t\t\t\t<div class=\"blog-description\"><p>Datenblatt ansehen : <a href=\"https:\/\/mecatek.eu\/de\/produkt\/fahrradtrager-van-bike-3-fur-van-ford-custom\/\">Fahrradtr\u00e4ger VAN-BIKE 3 f\u00fcr Ford Custom<\/a><\/p><\/div>\t\t\t\t\t\t\t\t<\/div>\n\t\t\t\t\t<\/div>\n\t\t\t\t<\/div>\n\t\t\t\t<\/div>","protected":false},"excerpt":{"rendered":"<p>D\u00e9couvrez le nouveau porte-v\u00e9los VAN-BIKE 3 pour Ford Custom d\u00e9velopp\u00e9 par Mecatek. Fix\u00e9 directement sur le ch\u00e2ssis, il pr\u00e9serve l&rsquo;acc\u00e8s au coffre tout en offrant une capacit\u00e9 de 80 kg pour transporter jusqu\u2019\u00e0 2 VAE et v\u00e9los standard. Pratique, il pivote \u00e0 plus de 90\u00b0 pour garder l\u2019acc\u00e8s au hayon et se montre \u00e9galement rabattable.<\/p>","protected":false},"author":1,"featured_media":2524,"comment_status":"closed","ping_status":"closed","sticky":false,"template":"","format":"standard","meta":{"footnotes":""},"categories":[26],"tags":[],"class_list":["post-2523","post","type-post","status-publish","format-standard","has-post-thumbnail","hentry","category-nouveautes"],"blocksy_meta":[],"yoast_head":"<!-- This site is optimized with the Yoast SEO plugin v26.9 - https:\/\/yoast.com\/product\/yoast-seo-wordpress\/ -->\n<title>Nouveau porte-v\u00e9los VAN-BIKE 3 pour Ford Custom - Mecatek (ex-Sawiko France)<\/title>\n<meta name=\"description\" content=\"D\u00e9couvrez le nouveau porte-v\u00e9los VAN-BIKE 3 pour Ford Custom permettant de transporter 2 v\u00e9los \u00e9lectriques gr\u00e2ce \u00e0 sa charge utile de 80kg\" \/>\n<meta name=\"robots\" content=\"index, follow, max-snippet:-1, max-image-preview:large, max-video-preview:-1\" \/>\n<link rel=\"canonical\" href=\"https:\/\/mecatek.eu\/de\/neuer-fahrradtrager-van-bike-3-fur-ford-custom\/\" \/>\n<meta property=\"og:locale\" content=\"de_DE\" \/>\n<meta property=\"og:type\" content=\"article\" \/>\n<meta property=\"og:title\" content=\"Nouveau porte-v\u00e9los VAN-BIKE 3 pour Ford Custom - Mecatek (ex-Sawiko France)\" \/>\n<meta property=\"og:description\" content=\"D\u00e9couvrez le nouveau porte-v\u00e9los VAN-BIKE 3 pour Ford Custom permettant de transporter 2 v\u00e9los \u00e9lectriques gr\u00e2ce \u00e0 sa charge utile de 80kg\" \/>\n<meta property=\"og:url\" content=\"https:\/\/mecatek.eu\/de\/neuer-fahrradtrager-van-bike-3-fur-ford-custom\/\" \/>\n<meta property=\"og:site_name\" content=\"Mecatek (ex-Sawiko France)\" \/>\n<meta property=\"article:published_time\" content=\"2022-03-11T13:12:00+00:00\" \/>\n<meta property=\"article:modified_time\" content=\"2026-01-29T20:48:15+00:00\" \/>\n<meta property=\"og:image\" content=\"http:\/\/mecatek.eu\/wp-content\/uploads\/2026\/01\/Nouveau-porte-velos-VAN-BIKE-3-pour-Ford-Custom.jpg\" \/>\n\t<meta property=\"og:image:width\" content=\"1200\" \/>\n\t<meta property=\"og:image:height\" content=\"800\" \/>\n\t<meta property=\"og:image:type\" content=\"image\/jpeg\" \/>\n<meta name=\"author\" content=\"admin-MCK67920_fk\" \/>\n<meta name=\"twitter:card\" content=\"summary_large_image\" \/>\n<meta name=\"twitter:label1\" content=\"Verfasst von\" \/>\n\t<meta name=\"twitter:data1\" content=\"admin-MCK67920_fk\" \/>\n\t<meta name=\"twitter:label2\" content=\"Gesch\u00e4tzte Lesezeit\" \/>\n\t<meta name=\"twitter:data2\" content=\"2\u00a0Minuten\" \/>\n<script type=\"application\/ld+json\" class=\"yoast-schema-graph\">{\"@context\":\"https:\/\/schema.org\",\"@graph\":[{\"@type\":\"Article\",\"@id\":\"https:\/\/mecatek.eu\/nouveau-porte-velos-van-bike-3-pour-ford-custom\/#article\",\"isPartOf\":{\"@id\":\"https:\/\/mecatek.eu\/nouveau-porte-velos-van-bike-3-pour-ford-custom\/\"},\"author\":{\"name\":\"admin-MCK67920_fk\",\"@id\":\"https:\/\/mecatek.eu\/#\/schema\/person\/6c00cd79ec83ffb6593d21493507e739\"},\"headline\":\"Nouveau porte-v\u00e9los VAN-BIKE 3 pour Ford Custom\",\"datePublished\":\"2022-03-11T13:12:00+00:00\",\"dateModified\":\"2026-01-29T20:48:15+00:00\",\"mainEntityOfPage\":{\"@id\":\"https:\/\/mecatek.eu\/nouveau-porte-velos-van-bike-3-pour-ford-custom\/\"},\"wordCount\":180,\"publisher\":{\"@id\":\"https:\/\/mecatek.eu\/#organization\"},\"image\":{\"@id\":\"https:\/\/mecatek.eu\/nouveau-porte-velos-van-bike-3-pour-ford-custom\/#primaryimage\"},\"thumbnailUrl\":\"https:\/\/mecatek.eu\/wp-content\/uploads\/2026\/01\/Nouveau-porte-velos-VAN-BIKE-3-pour-Ford-Custom.jpg\",\"articleSection\":[\"Nouveaut\u00e9s\"],\"inLanguage\":\"de\"},{\"@type\":\"WebPage\",\"@id\":\"https:\/\/mecatek.eu\/nouveau-porte-velos-van-bike-3-pour-ford-custom\/\",\"url\":\"https:\/\/mecatek.eu\/nouveau-porte-velos-van-bike-3-pour-ford-custom\/\",\"name\":\"Nouveau porte-v\u00e9los VAN-BIKE 3 pour Ford Custom - Mecatek (ex-Sawiko France)\",\"isPartOf\":{\"@id\":\"https:\/\/mecatek.eu\/#website\"},\"primaryImageOfPage\":{\"@id\":\"https:\/\/mecatek.eu\/nouveau-porte-velos-van-bike-3-pour-ford-custom\/#primaryimage\"},\"image\":{\"@id\":\"https:\/\/mecatek.eu\/nouveau-porte-velos-van-bike-3-pour-ford-custom\/#primaryimage\"},\"thumbnailUrl\":\"https:\/\/mecatek.eu\/wp-content\/uploads\/2026\/01\/Nouveau-porte-velos-VAN-BIKE-3-pour-Ford-Custom.jpg\",\"datePublished\":\"2022-03-11T13:12:00+00:00\",\"dateModified\":\"2026-01-29T20:48:15+00:00\",\"description\":\"D\u00e9couvrez le nouveau porte-v\u00e9los VAN-BIKE 3 pour Ford Custom permettant de transporter 2 v\u00e9los \u00e9lectriques gr\u00e2ce \u00e0 sa charge utile de 80kg\",\"breadcrumb\":{\"@id\":\"https:\/\/mecatek.eu\/nouveau-porte-velos-van-bike-3-pour-ford-custom\/#breadcrumb\"},\"inLanguage\":\"de\",\"potentialAction\":[{\"@type\":\"ReadAction\",\"target\":[\"https:\/\/mecatek.eu\/nouveau-porte-velos-van-bike-3-pour-ford-custom\/\"]}]},{\"@type\":\"ImageObject\",\"inLanguage\":\"de\",\"@id\":\"https:\/\/mecatek.eu\/nouveau-porte-velos-van-bike-3-pour-ford-custom\/#primaryimage\",\"url\":\"https:\/\/mecatek.eu\/wp-content\/uploads\/2026\/01\/Nouveau-porte-velos-VAN-BIKE-3-pour-Ford-Custom.jpg\",\"contentUrl\":\"https:\/\/mecatek.eu\/wp-content\/uploads\/2026\/01\/Nouveau-porte-velos-VAN-BIKE-3-pour-Ford-Custom.jpg\",\"width\":1200,\"height\":800,\"caption\":\"Porte-v\u00e9los VAN-BIKE 3 pour Ford Custom pour 2 v\u00e9los \u00e9lectriques\"},{\"@type\":\"BreadcrumbList\",\"@id\":\"https:\/\/mecatek.eu\/nouveau-porte-velos-van-bike-3-pour-ford-custom\/#breadcrumb\",\"itemListElement\":[{\"@type\":\"ListItem\",\"position\":1,\"name\":\"Accueil\",\"item\":\"https:\/\/mecatek.eu\/\"},{\"@type\":\"ListItem\",\"position\":2,\"name\":\"Nouveau porte-v\u00e9los VAN-BIKE 3 pour Ford Custom\"}]},{\"@type\":\"WebSite\",\"@id\":\"https:\/\/mecatek.eu\/#website\",\"url\":\"https:\/\/mecatek.eu\/\",\"name\":\"Mecatek (ex-Sawiko France)\",\"description\":\"Fabricant d&#039;attelages pour camping-car et fourgon - Mecatek\",\"publisher\":{\"@id\":\"https:\/\/mecatek.eu\/#organization\"},\"potentialAction\":[{\"@type\":\"SearchAction\",\"target\":{\"@type\":\"EntryPoint\",\"urlTemplate\":\"https:\/\/mecatek.eu\/?s={search_term_string}\"},\"query-input\":{\"@type\":\"PropertyValueSpecification\",\"valueRequired\":true,\"valueName\":\"search_term_string\"}}],\"inLanguage\":\"de\"},{\"@type\":\"Organization\",\"@id\":\"https:\/\/mecatek.eu\/#organization\",\"name\":\"Mecatek (ex-Sawiko France)\",\"url\":\"https:\/\/mecatek.eu\/\",\"logo\":{\"@type\":\"ImageObject\",\"inLanguage\":\"de\",\"@id\":\"https:\/\/mecatek.eu\/#\/schema\/logo\/image\/\",\"url\":\"http:\/\/mecatek.eu\/wp-content\/uploads\/2026\/01\/Logo-Mecatek-Solutions-techniques-2025-300px.png\",\"contentUrl\":\"http:\/\/mecatek.eu\/wp-content\/uploads\/2026\/01\/Logo-Mecatek-Solutions-techniques-2025-300px.png\",\"width\":400,\"height\":94,\"caption\":\"Mecatek (ex-Sawiko France)\"},\"image\":{\"@id\":\"https:\/\/mecatek.eu\/#\/schema\/logo\/image\/\"}},{\"@type\":\"Person\",\"@id\":\"https:\/\/mecatek.eu\/#\/schema\/person\/6c00cd79ec83ffb6593d21493507e739\",\"name\":\"admin-MCK67920_fk\",\"image\":{\"@type\":\"ImageObject\",\"inLanguage\":\"de\",\"@id\":\"https:\/\/mecatek.eu\/#\/schema\/person\/image\/\",\"url\":\"https:\/\/secure.gravatar.com\/avatar\/60017e7bedeb00a1bc3329d075dd4782f881081b9c1f7277e4798e7fba3c8d2a?s=96&d=mm&r=g\",\"contentUrl\":\"https:\/\/secure.gravatar.com\/avatar\/60017e7bedeb00a1bc3329d075dd4782f881081b9c1f7277e4798e7fba3c8d2a?s=96&d=mm&r=g\",\"caption\":\"admin-MCK67920_fk\"},\"sameAs\":[\"http:\/\/mecatek.eu\"]}]}<\/script>\n<!-- \/ Yoast SEO plugin. -->","yoast_head_json":{"title":"Neuer Fahrradtr\u00e4ger VAN-BIKE 3 f\u00fcr Ford Custom - Mecatek (ehemals Sawiko Deutschland)","description":"Entdecken Sie den neuen Fahrradtr\u00e4ger VAN-BIKE 3 f\u00fcr Ford Custom, der dank seiner Nutzlast von 80 kg den Transport von 2 Elektrofahrr\u00e4dern erm\u00f6glicht.","robots":{"index":"index","follow":"follow","max-snippet":"max-snippet:-1","max-image-preview":"max-image-preview:large","max-video-preview":"max-video-preview:-1"},"canonical":"https:\/\/mecatek.eu\/de\/neuer-fahrradtrager-van-bike-3-fur-ford-custom\/","og_locale":"de_DE","og_type":"article","og_title":"Nouveau porte-v\u00e9los VAN-BIKE 3 pour Ford Custom - Mecatek (ex-Sawiko France)","og_description":"D\u00e9couvrez le nouveau porte-v\u00e9los VAN-BIKE 3 pour Ford Custom permettant de transporter 2 v\u00e9los \u00e9lectriques gr\u00e2ce \u00e0 sa charge utile de 80kg","og_url":"https:\/\/mecatek.eu\/de\/neuer-fahrradtrager-van-bike-3-fur-ford-custom\/","og_site_name":"Mecatek (ex-Sawiko France)","article_published_time":"2022-03-11T13:12:00+00:00","article_modified_time":"2026-01-29T20:48:15+00:00","og_image":[{"width":1200,"height":800,"url":"http:\/\/mecatek.eu\/wp-content\/uploads\/2026\/01\/Nouveau-porte-velos-VAN-BIKE-3-pour-Ford-Custom.jpg","type":"image\/jpeg"}],"author":"admin-MCK67920_fk","twitter_card":"summary_large_image","twitter_misc":{"Verfasst von":"admin-MCK67920_fk","Gesch\u00e4tzte Lesezeit":"2\u00a0Minuten"},"schema":{"@context":"https:\/\/schema.org","@graph":[{"@type":"Article","@id":"https:\/\/mecatek.eu\/nouveau-porte-velos-van-bike-3-pour-ford-custom\/#article","isPartOf":{"@id":"https:\/\/mecatek.eu\/nouveau-porte-velos-van-bike-3-pour-ford-custom\/"},"author":{"name":"admin-MCK67920_fk","@id":"https:\/\/mecatek.eu\/#\/schema\/person\/6c00cd79ec83ffb6593d21493507e739"},"headline":"Nouveau porte-v\u00e9los VAN-BIKE 3 pour Ford Custom","datePublished":"2022-03-11T13:12:00+00:00","dateModified":"2026-01-29T20:48:15+00:00","mainEntityOfPage":{"@id":"https:\/\/mecatek.eu\/nouveau-porte-velos-van-bike-3-pour-ford-custom\/"},"wordCount":180,"publisher":{"@id":"https:\/\/mecatek.eu\/#organization"},"image":{"@id":"https:\/\/mecatek.eu\/nouveau-porte-velos-van-bike-3-pour-ford-custom\/#primaryimage"},"thumbnailUrl":"https:\/\/mecatek.eu\/wp-content\/uploads\/2026\/01\/Nouveau-porte-velos-VAN-BIKE-3-pour-Ford-Custom.jpg","articleSection":["Nouveaut\u00e9s"],"inLanguage":"de"},{"@type":"WebPage","@id":"https:\/\/mecatek.eu\/nouveau-porte-velos-van-bike-3-pour-ford-custom\/","url":"https:\/\/mecatek.eu\/nouveau-porte-velos-van-bike-3-pour-ford-custom\/","name":"Neuer Fahrradtr\u00e4ger VAN-BIKE 3 f\u00fcr Ford Custom - Mecatek (ehemals Sawiko Deutschland)","isPartOf":{"@id":"https:\/\/mecatek.eu\/#website"},"primaryImageOfPage":{"@id":"https:\/\/mecatek.eu\/nouveau-porte-velos-van-bike-3-pour-ford-custom\/#primaryimage"},"image":{"@id":"https:\/\/mecatek.eu\/nouveau-porte-velos-van-bike-3-pour-ford-custom\/#primaryimage"},"thumbnailUrl":"https:\/\/mecatek.eu\/wp-content\/uploads\/2026\/01\/Nouveau-porte-velos-VAN-BIKE-3-pour-Ford-Custom.jpg","datePublished":"2022-03-11T13:12:00+00:00","dateModified":"2026-01-29T20:48:15+00:00","description":"Entdecken Sie den neuen Fahrradtr\u00e4ger VAN-BIKE 3 f\u00fcr Ford Custom, der dank seiner Nutzlast von 80 kg den Transport von 2 Elektrofahrr\u00e4dern erm\u00f6glicht.","breadcrumb":{"@id":"https:\/\/mecatek.eu\/nouveau-porte-velos-van-bike-3-pour-ford-custom\/#breadcrumb"},"inLanguage":"de","potentialAction":[{"@type":"ReadAction","target":["https:\/\/mecatek.eu\/nouveau-porte-velos-van-bike-3-pour-ford-custom\/"]}]},{"@type":"ImageObject","inLanguage":"de","@id":"https:\/\/mecatek.eu\/nouveau-porte-velos-van-bike-3-pour-ford-custom\/#primaryimage","url":"https:\/\/mecatek.eu\/wp-content\/uploads\/2026\/01\/Nouveau-porte-velos-VAN-BIKE-3-pour-Ford-Custom.jpg","contentUrl":"https:\/\/mecatek.eu\/wp-content\/uploads\/2026\/01\/Nouveau-porte-velos-VAN-BIKE-3-pour-Ford-Custom.jpg","width":1200,"height":800,"caption":"Porte-v\u00e9los VAN-BIKE 3 pour Ford Custom pour 2 v\u00e9los \u00e9lectriques"},{"@type":"BreadcrumbList","@id":"https:\/\/mecatek.eu\/nouveau-porte-velos-van-bike-3-pour-ford-custom\/#breadcrumb","itemListElement":[{"@type":"ListItem","position":1,"name":"Accueil","item":"https:\/\/mecatek.eu\/"},{"@type":"ListItem","position":2,"name":"Nouveau porte-v\u00e9los VAN-BIKE 3 pour Ford Custom"}]},{"@type":"WebSite","@id":"https:\/\/mecatek.eu\/#website","url":"https:\/\/mecatek.eu\/","name":"Mecatek (ehemals Sawiko Frankreich)","description":"Hersteller von Anh\u00e4ngerkupplungen f\u00fcr Wohnmobile und Lieferwagen - Mecatek","publisher":{"@id":"https:\/\/mecatek.eu\/#organization"},"potentialAction":[{"@type":"SearchAction","target":{"@type":"EntryPoint","urlTemplate":"https:\/\/mecatek.eu\/?s={search_term_string}"},"query-input":{"@type":"PropertyValueSpecification","valueRequired":true,"valueName":"search_term_string"}}],"inLanguage":"de"},{"@type":"Organization","@id":"https:\/\/mecatek.eu\/#organization","name":"Mecatek (ehemals Sawiko Frankreich)","url":"https:\/\/mecatek.eu\/","logo":{"@type":"ImageObject","inLanguage":"de","@id":"https:\/\/mecatek.eu\/#\/schema\/logo\/image\/","url":"http:\/\/mecatek.eu\/wp-content\/uploads\/2026\/01\/Logo-Mecatek-Solutions-techniques-2025-300px.png","contentUrl":"http:\/\/mecatek.eu\/wp-content\/uploads\/2026\/01\/Logo-Mecatek-Solutions-techniques-2025-300px.png","width":400,"height":94,"caption":"Mecatek (ex-Sawiko France)"},"image":{"@id":"https:\/\/mecatek.eu\/#\/schema\/logo\/image\/"}},{"@type":"Person","@id":"https:\/\/mecatek.eu\/#\/schema\/person\/6c00cd79ec83ffb6593d21493507e739","name":"admin-MCK67920_fk","image":{"@type":"ImageObject","inLanguage":"de","@id":"https:\/\/mecatek.eu\/#\/schema\/person\/image\/","url":"https:\/\/secure.gravatar.com\/avatar\/60017e7bedeb00a1bc3329d075dd4782f881081b9c1f7277e4798e7fba3c8d2a?s=96&d=mm&r=g","contentUrl":"https:\/\/secure.gravatar.com\/avatar\/60017e7bedeb00a1bc3329d075dd4782f881081b9c1f7277e4798e7fba3c8d2a?s=96&d=mm&r=g","caption":"admin-MCK67920_fk"},"sameAs":["http:\/\/mecatek.eu"]}]}},"_links":{"self":[{"href":"https:\/\/mecatek.eu\/de\/wp-json\/wp\/v2\/posts\/2523","targetHints":{"allow":["GET"]}}],"collection":[{"href":"https:\/\/mecatek.eu\/de\/wp-json\/wp\/v2\/posts"}],"about":[{"href":"https:\/\/mecatek.eu\/de\/wp-json\/wp\/v2\/types\/post"}],"author":[{"embeddable":true,"href":"https:\/\/mecatek.eu\/de\/wp-json\/wp\/v2\/users\/1"}],"replies":[{"embeddable":true,"href":"https:\/\/mecatek.eu\/de\/wp-json\/wp\/v2\/comments?post=2523"}],"version-history":[{"count":8,"href":"https:\/\/mecatek.eu\/de\/wp-json\/wp\/v2\/posts\/2523\/revisions"}],"predecessor-version":[{"id":2678,"href":"https:\/\/mecatek.eu\/de\/wp-json\/wp\/v2\/posts\/2523\/revisions\/2678"}],"wp:featuredmedia":[{"embeddable":true,"href":"https:\/\/mecatek.eu\/de\/wp-json\/wp\/v2\/media\/2524"}],"wp:attachment":[{"href":"https:\/\/mecatek.eu\/de\/wp-json\/wp\/v2\/media?parent=2523"}],"wp:term":[{"taxonomy":"category","embeddable":true,"href":"https:\/\/mecatek.eu\/de\/wp-json\/wp\/v2\/categories?post=2523"},{"taxonomy":"post_tag","embeddable":true,"href":"https:\/\/mecatek.eu\/de\/wp-json\/wp\/v2\/tags?post=2523"}],"curies":[{"name":"wp","href":"https:\/\/api.w.org\/{rel}","templated":true}]}}