{"id":2470,"date":"2019-07-30T14:57:00","date_gmt":"2019-07-30T12:57:00","guid":{"rendered":"https:\/\/mecatek.eu\/?p=2470"},"modified":"2026-01-29T22:04:01","modified_gmt":"2026-01-29T21:04:01","slug":"fahrradtrager-van-bike-2-linnovation-fur-ihren-van","status":"publish","type":"post","link":"https:\/\/mecatek.eu\/de\/fahrradtrager-van-bike-2-linnovation-fur-ihren-van\/","title":{"rendered":"Fahrradtr\u00e4ger VAN-BIKE 2: Die Innovation f\u00fcr Ihren Transporter!"},"content":{"rendered":"<div data-elementor-type=\"wp-post\" data-elementor-id=\"2470\" class=\"elementor elementor-2470\" data-elementor-post-type=\"post\">\n\t\t\t\t<div class=\"elementor-element elementor-element-7522cc9 e-flex e-con-boxed e-con e-parent\" data-id=\"7522cc9\" data-element_type=\"container\" data-e-type=\"container\">\n\t\t\t\t\t<div class=\"e-con-inner\">\n\t\t\t\t<div class=\"elementor-element elementor-element-2c00385 elementor-widget elementor-widget-text-editor\" data-id=\"2c00385\" data-element_type=\"widget\" data-e-type=\"widget\" data-widget_type=\"text-editor.default\">\n\t\t\t\t\t\t\t\t\t<h2>Innovation im Dienste des Kunden!<\/h2><p>Mecatek, ehemals Sawiko France, ist ein unumg\u00e4nglicher Hersteller auf dem Markt f\u00fcr\u2019<strong>zubeh\u00f6r f\u00fcr freizeitfahrzeuge<\/strong>. Die Marke entwirft Ausr\u00fcstungen, die insbesondere den Erwartungen der Besitzer von Lieferwagen durch bedarfsgerechte Produkte gerecht werden. Und die Neuheit VAN-BIKE 2 best\u00e4tigt dies.<\/p><p>Auf einem wettbewerbsintensiven Nachr\u00fcstmarkt f\u00fcr Zubeh\u00f6r f\u00fcr Freizeitfahrzeuge war der\u00a0<a href=\"https:\/\/mecatek.eu\/de\/produkt\/fahrradtrager-fur-lieferwagen-van-bike-2\/\">Fahrradtr\u00e4ger VAN-BIKE 2<\/a>\u00a0sich voll und ganz dem Geist eines au\u00dfergew\u00f6hnlichen Produkts verschreibt, indem sie den Grundlagen der Marke treu bleibt\u00a0<strong>MCK<\/strong>\u00a0: die Bed\u00fcrfnisse der Wohnmobilisten so genau wie m\u00f6glich zu verfolgen und ihnen dank seines Know-hows hochwertige Produkte zu einem attraktiven Preis anzubieten.<\/p><p>Entwickelt f\u00fcr\u00a0<strong>im Heck eines Lieferwagens 2 Fahrr\u00e4der mit Elektrounterst\u00fctzung unterbringen<\/strong>\u00a0(Option 3 bis 4 Fahrr\u00e4der: bitte fragen Sie uns), dieses\u00a0<a href=\"https:\/\/mecatek.eu\/de\/produkt-kategorie\/lieferwagen\/fahrradtrager-kastenwagen\/\">fahrradtr\u00e4ger f\u00fcr lieferwagen<\/a>\u00a0behauptet sich als wichtige Innovation durch das einzigartige Design seines Tr\u00e4gers.<\/p><p>Die Entwickler haben eine au\u00dfergew\u00f6hnliche L\u00f6sung gefunden, die zwei spezielle Bed\u00fcrfnisse erf\u00fcllt: Fahrr\u00e4der hinten zu transportieren und durch einfaches \u00d6ffnen der Hintert\u00fcren auf den Inhalt des Fahrzeugs zuzugreifen. Das VAN-BIKE 2 vereint diese beiden Bedingungen in einem einfachen Design.<\/p><p>Der Tr\u00e4ger mit einer Nutzlast von 80 kg hat zwei Gelenkpunkte, die an den Scharnieren der rechten T\u00fcr befestigt sind, und einen entriegelbaren Verankerungspunkt an der Halterung auf der linken Seite. Dank dieses Drehsystems ist es also m\u00f6glich, die T\u00fcren um 90\u00b0 zu \u00f6ffnen und auf den Inhalt des Fahrzeuginneren zuzugreifen, und zwar auch dann, wenn die Fahrr\u00e4der angebracht sind. Der VAN-BIKE 2 verf\u00fcgt \u00fcber zahlreiche technische Vorteile, um zwei Fahrr\u00e4der mit elektrischer oder herk\u00f6mmlicher Unterst\u00fctzung sicher zu transportieren. Er ist mit zwei Fahrradtr\u00e4gern ausgestattet. Jeder verf\u00fcgt \u00fcber zwei Radkeile mit Verzurrsystem. Um sich optimal an den Radstand des Fahrrads anzupassen, gleiten sie auf einer Schiene. Zwei Haltestangen, eine kurze und eine lange, stabilisieren die Fahrr\u00e4der w\u00e4hrend des Transports.<\/p><p>Die Handhabung zum Auf- und Abstellen von Fahrr\u00e4dern ist dank der sehr niedrigen Ladekante einfach und m\u00fchelos. Au\u00dferdem kann die Fahrradtr\u00e4gerplattform, wenn sie nicht beladen ist, heruntergeklappt werden. In diesem Fall erh\u00e4lt das Fahrzeug fast seine urspr\u00fcngliche L\u00e4nge zur\u00fcck, was bei engen Man\u00f6vern ein klarer Vorteil ist.<\/p><p>Sicherheitsfrage,\u00a0<strong>Mecatek<\/strong>\u00a0z\u00f6gerte nicht, zu tun\u00a0<strong>die Qualit\u00e4t des VAN-BIKE 2 zu testen, indem in den Labors des deutschen T\u00dcV ein Test in voller Gr\u00f6\u00dfe durchgef\u00fchrt wird<\/strong>. Das VAN-BIKE 2, das auf einem Lieferwagen montiert war, wurde einem 12-st\u00fcndigen Ausdauertest unterzogen, der das \u00dcberfahren von Eselsr\u00fccken nachahmte. Die Pr\u00fcfung war ein voller Erfolg!<\/p><p>Das VAN-BIKE 2 ist bestimmt f\u00fcr <strong>Lieferwagen<\/strong> auf Basis <strong>Fiat Ducato, Citro\u00ebn Jumper und Peugeot Boxer<\/strong> ab der Generation X250.<\/p><p>Mit dem VAN-BIKE 2 hat Mecatek erneut seine Kompetenz bei der Entwicklung qualitativer technischer Produkte f\u00fcr Freizeitfahrzeuge unter Beweis gestellt.<\/p><p><img fetchpriority=\"high\" decoding=\"async\" class=\"alignnone size-full wp-image-88\" src=\"http:\/\/mecatek.eu\/wp-content\/uploads\/2025\/10\/Van-Bike-2_Fiat-Ducato_001.jpeg\" alt=\"Fahrradtr\u00e4ger VAN-BIKE 2 eingeklappt\" width=\"1024\" height=\"678\" srcset=\"https:\/\/mecatek.eu\/wp-content\/uploads\/2025\/10\/Van-Bike-2_Fiat-Ducato_001.jpeg 1024w, https:\/\/mecatek.eu\/wp-content\/uploads\/2025\/10\/Van-Bike-2_Fiat-Ducato_001-500x331.jpeg 500w, https:\/\/mecatek.eu\/wp-content\/uploads\/2025\/10\/Van-Bike-2_Fiat-Ducato_001-300x199.jpeg 300w, https:\/\/mecatek.eu\/wp-content\/uploads\/2025\/10\/Van-Bike-2_Fiat-Ducato_001-768x509.jpeg 768w\" sizes=\"(max-width: 1024px) 100vw, 1024px\" \/><\/p><p><strong>Hauptmerkmale des VAN-BIKE 2<\/strong><\/p><ul><li>Leergewicht: 25 kg<\/li><li>Nutzlast: 80 kg<\/li><li>Klappbare Plattform<\/li><\/ul>\t\t\t\t\t\t\t\t<\/div>\n\t\t\t\t\t<\/div>\n\t\t\t\t<\/div>\n\t\t\t\t<\/div>","protected":false},"excerpt":{"rendered":"<p>L\u2019innovation au service du client ! Mecatek, anciennement Sawiko France, est un fabricant incontournable sur le march\u00e9 de l\u2019accessoire pour v\u00e9hicules de loisirs. La marque con\u00e7oit des \u00e9quipements qui r\u00e9pondent notamment aux attentes des propri\u00e9taires de fourgon par des produits adapt\u00e9s \u00e0 leurs besoins. Et la nouveaut\u00e9 VAN-BIKE 2 le confirme. Sur un march\u00e9 de [&hellip;]<\/p>","protected":false},"author":1,"featured_media":2471,"comment_status":"closed","ping_status":"closed","sticky":false,"template":"","format":"standard","meta":{"footnotes":""},"categories":[26],"tags":[],"class_list":["post-2470","post","type-post","status-publish","format-standard","has-post-thumbnail","hentry","category-nouveautes"],"blocksy_meta":[],"yoast_head":"<!-- This site is optimized with the Yoast SEO plugin v26.9 - https:\/\/yoast.com\/product\/yoast-seo-wordpress\/ -->\n<title>Porte-v\u00e9los VAN-BIKE 2 : l&#039;innovation pour votre fourgon ! - Mecatek (ex-Sawiko France)<\/title>\n<meta name=\"description\" content=\"D\u00e9couvrez le nouveau porte-v\u00e9los VAN-BIKE 2, v\u00e9ritable innovation pour transporter 2 v\u00e9los \u00e9lectriques ou standards \u00e0 l&#039;arri\u00e8re d&#039;un fourgon\" \/>\n<meta name=\"robots\" content=\"index, follow, max-snippet:-1, max-image-preview:large, max-video-preview:-1\" \/>\n<link rel=\"canonical\" href=\"https:\/\/mecatek.eu\/de\/fahrradtrager-van-bike-2-linnovation-fur-ihren-van\/\" \/>\n<meta property=\"og:locale\" content=\"de_DE\" \/>\n<meta property=\"og:type\" content=\"article\" \/>\n<meta property=\"og:title\" content=\"Porte-v\u00e9los VAN-BIKE 2 : l&#039;innovation pour votre fourgon ! - Mecatek (ex-Sawiko France)\" \/>\n<meta property=\"og:description\" content=\"D\u00e9couvrez le nouveau porte-v\u00e9los VAN-BIKE 2, v\u00e9ritable innovation pour transporter 2 v\u00e9los \u00e9lectriques ou standards \u00e0 l&#039;arri\u00e8re d&#039;un fourgon\" \/>\n<meta property=\"og:url\" content=\"https:\/\/mecatek.eu\/de\/fahrradtrager-van-bike-2-linnovation-fur-ihren-van\/\" \/>\n<meta property=\"og:site_name\" content=\"Mecatek (ex-Sawiko France)\" \/>\n<meta property=\"article:published_time\" content=\"2019-07-30T12:57:00+00:00\" \/>\n<meta property=\"article:modified_time\" content=\"2026-01-29T21:04:01+00:00\" \/>\n<meta property=\"og:image\" content=\"http:\/\/mecatek.eu\/wp-content\/uploads\/2026\/01\/van-bike-2-innovation-fourgon.jpg\" \/>\n\t<meta property=\"og:image:width\" content=\"1200\" \/>\n\t<meta property=\"og:image:height\" content=\"800\" \/>\n\t<meta property=\"og:image:type\" content=\"image\/jpeg\" \/>\n<meta name=\"author\" content=\"admin-MCK67920_fk\" \/>\n<meta name=\"twitter:card\" content=\"summary_large_image\" \/>\n<meta name=\"twitter:label1\" content=\"Verfasst von\" \/>\n\t<meta name=\"twitter:data1\" content=\"admin-MCK67920_fk\" \/>\n\t<meta name=\"twitter:label2\" content=\"Gesch\u00e4tzte Lesezeit\" \/>\n\t<meta name=\"twitter:data2\" content=\"3\u00a0Minuten\" \/>\n<script type=\"application\/ld+json\" class=\"yoast-schema-graph\">{\"@context\":\"https:\/\/schema.org\",\"@graph\":[{\"@type\":\"Article\",\"@id\":\"https:\/\/mecatek.eu\/porte-velos-van-bike-2-linnovation-pour-votre-fourgon\/#article\",\"isPartOf\":{\"@id\":\"https:\/\/mecatek.eu\/porte-velos-van-bike-2-linnovation-pour-votre-fourgon\/\"},\"author\":{\"name\":\"admin-MCK67920_fk\",\"@id\":\"https:\/\/mecatek.eu\/#\/schema\/person\/6c00cd79ec83ffb6593d21493507e739\"},\"headline\":\"Porte-v\u00e9los VAN-BIKE 2 : l&rsquo;innovation pour votre fourgon !\",\"datePublished\":\"2019-07-30T12:57:00+00:00\",\"dateModified\":\"2026-01-29T21:04:01+00:00\",\"mainEntityOfPage\":{\"@id\":\"https:\/\/mecatek.eu\/porte-velos-van-bike-2-linnovation-pour-votre-fourgon\/\"},\"wordCount\":546,\"publisher\":{\"@id\":\"https:\/\/mecatek.eu\/#organization\"},\"image\":{\"@id\":\"https:\/\/mecatek.eu\/porte-velos-van-bike-2-linnovation-pour-votre-fourgon\/#primaryimage\"},\"thumbnailUrl\":\"https:\/\/mecatek.eu\/wp-content\/uploads\/2026\/01\/van-bike-2-innovation-fourgon.jpg\",\"articleSection\":[\"Nouveaut\u00e9s\"],\"inLanguage\":\"de\"},{\"@type\":\"WebPage\",\"@id\":\"https:\/\/mecatek.eu\/porte-velos-van-bike-2-linnovation-pour-votre-fourgon\/\",\"url\":\"https:\/\/mecatek.eu\/porte-velos-van-bike-2-linnovation-pour-votre-fourgon\/\",\"name\":\"Porte-v\u00e9los VAN-BIKE 2 : l'innovation pour votre fourgon ! - Mecatek (ex-Sawiko France)\",\"isPartOf\":{\"@id\":\"https:\/\/mecatek.eu\/#website\"},\"primaryImageOfPage\":{\"@id\":\"https:\/\/mecatek.eu\/porte-velos-van-bike-2-linnovation-pour-votre-fourgon\/#primaryimage\"},\"image\":{\"@id\":\"https:\/\/mecatek.eu\/porte-velos-van-bike-2-linnovation-pour-votre-fourgon\/#primaryimage\"},\"thumbnailUrl\":\"https:\/\/mecatek.eu\/wp-content\/uploads\/2026\/01\/van-bike-2-innovation-fourgon.jpg\",\"datePublished\":\"2019-07-30T12:57:00+00:00\",\"dateModified\":\"2026-01-29T21:04:01+00:00\",\"description\":\"D\u00e9couvrez le nouveau porte-v\u00e9los VAN-BIKE 2, v\u00e9ritable innovation pour transporter 2 v\u00e9los \u00e9lectriques ou standards \u00e0 l'arri\u00e8re d'un fourgon\",\"breadcrumb\":{\"@id\":\"https:\/\/mecatek.eu\/porte-velos-van-bike-2-linnovation-pour-votre-fourgon\/#breadcrumb\"},\"inLanguage\":\"de\",\"potentialAction\":[{\"@type\":\"ReadAction\",\"target\":[\"https:\/\/mecatek.eu\/porte-velos-van-bike-2-linnovation-pour-votre-fourgon\/\"]}]},{\"@type\":\"ImageObject\",\"inLanguage\":\"de\",\"@id\":\"https:\/\/mecatek.eu\/porte-velos-van-bike-2-linnovation-pour-votre-fourgon\/#primaryimage\",\"url\":\"https:\/\/mecatek.eu\/wp-content\/uploads\/2026\/01\/van-bike-2-innovation-fourgon.jpg\",\"contentUrl\":\"https:\/\/mecatek.eu\/wp-content\/uploads\/2026\/01\/van-bike-2-innovation-fourgon.jpg\",\"width\":1200,\"height\":800,\"caption\":\"Nouveau porte-v\u00e9los Van-Bike 2 pour fourgon Fiat Ducato, Citro\u00ebn Jumper et Peugeot Boxer\"},{\"@type\":\"BreadcrumbList\",\"@id\":\"https:\/\/mecatek.eu\/porte-velos-van-bike-2-linnovation-pour-votre-fourgon\/#breadcrumb\",\"itemListElement\":[{\"@type\":\"ListItem\",\"position\":1,\"name\":\"Accueil\",\"item\":\"https:\/\/mecatek.eu\/\"},{\"@type\":\"ListItem\",\"position\":2,\"name\":\"Porte-v\u00e9los VAN-BIKE 2 : l&rsquo;innovation pour votre fourgon !\"}]},{\"@type\":\"WebSite\",\"@id\":\"https:\/\/mecatek.eu\/#website\",\"url\":\"https:\/\/mecatek.eu\/\",\"name\":\"Mecatek (ex-Sawiko France)\",\"description\":\"Fabricant d&#039;attelages pour camping-car et fourgon - Mecatek\",\"publisher\":{\"@id\":\"https:\/\/mecatek.eu\/#organization\"},\"potentialAction\":[{\"@type\":\"SearchAction\",\"target\":{\"@type\":\"EntryPoint\",\"urlTemplate\":\"https:\/\/mecatek.eu\/?s={search_term_string}\"},\"query-input\":{\"@type\":\"PropertyValueSpecification\",\"valueRequired\":true,\"valueName\":\"search_term_string\"}}],\"inLanguage\":\"de\"},{\"@type\":\"Organization\",\"@id\":\"https:\/\/mecatek.eu\/#organization\",\"name\":\"Mecatek (ex-Sawiko France)\",\"url\":\"https:\/\/mecatek.eu\/\",\"logo\":{\"@type\":\"ImageObject\",\"inLanguage\":\"de\",\"@id\":\"https:\/\/mecatek.eu\/#\/schema\/logo\/image\/\",\"url\":\"http:\/\/mecatek.eu\/wp-content\/uploads\/2026\/01\/Logo-Mecatek-Solutions-techniques-2025-300px.png\",\"contentUrl\":\"http:\/\/mecatek.eu\/wp-content\/uploads\/2026\/01\/Logo-Mecatek-Solutions-techniques-2025-300px.png\",\"width\":400,\"height\":94,\"caption\":\"Mecatek (ex-Sawiko France)\"},\"image\":{\"@id\":\"https:\/\/mecatek.eu\/#\/schema\/logo\/image\/\"}},{\"@type\":\"Person\",\"@id\":\"https:\/\/mecatek.eu\/#\/schema\/person\/6c00cd79ec83ffb6593d21493507e739\",\"name\":\"admin-MCK67920_fk\",\"image\":{\"@type\":\"ImageObject\",\"inLanguage\":\"de\",\"@id\":\"https:\/\/mecatek.eu\/#\/schema\/person\/image\/\",\"url\":\"https:\/\/secure.gravatar.com\/avatar\/60017e7bedeb00a1bc3329d075dd4782f881081b9c1f7277e4798e7fba3c8d2a?s=96&d=mm&r=g\",\"contentUrl\":\"https:\/\/secure.gravatar.com\/avatar\/60017e7bedeb00a1bc3329d075dd4782f881081b9c1f7277e4798e7fba3c8d2a?s=96&d=mm&r=g\",\"caption\":\"admin-MCK67920_fk\"},\"sameAs\":[\"http:\/\/mecatek.eu\"]}]}<\/script>\n<!-- \/ Yoast SEO plugin. -->","yoast_head_json":{"title":"Fahrradtr\u00e4ger VAN-BIKE 2: Die Innovation f\u00fcr Ihren Lieferwagen! - Mecatek (ehemals Sawiko Frankreich)","description":"Entdecken Sie den neuen Fahrradtr\u00e4ger VAN-BIKE 2, eine echte Innovation f\u00fcr den Transport von 2 Elektro- oder Standardfahrr\u00e4dern auf der R\u00fcckseite eines Lieferwagens.","robots":{"index":"index","follow":"follow","max-snippet":"max-snippet:-1","max-image-preview":"max-image-preview:large","max-video-preview":"max-video-preview:-1"},"canonical":"https:\/\/mecatek.eu\/de\/fahrradtrager-van-bike-2-linnovation-fur-ihren-van\/","og_locale":"de_DE","og_type":"article","og_title":"Porte-v\u00e9los VAN-BIKE 2 : l'innovation pour votre fourgon ! - Mecatek (ex-Sawiko France)","og_description":"D\u00e9couvrez le nouveau porte-v\u00e9los VAN-BIKE 2, v\u00e9ritable innovation pour transporter 2 v\u00e9los \u00e9lectriques ou standards \u00e0 l'arri\u00e8re d'un fourgon","og_url":"https:\/\/mecatek.eu\/de\/fahrradtrager-van-bike-2-linnovation-fur-ihren-van\/","og_site_name":"Mecatek (ex-Sawiko France)","article_published_time":"2019-07-30T12:57:00+00:00","article_modified_time":"2026-01-29T21:04:01+00:00","og_image":[{"width":1200,"height":800,"url":"http:\/\/mecatek.eu\/wp-content\/uploads\/2026\/01\/van-bike-2-innovation-fourgon.jpg","type":"image\/jpeg"}],"author":"admin-MCK67920_fk","twitter_card":"summary_large_image","twitter_misc":{"Verfasst von":"admin-MCK67920_fk","Gesch\u00e4tzte Lesezeit":"3\u00a0Minuten"},"schema":{"@context":"https:\/\/schema.org","@graph":[{"@type":"Article","@id":"https:\/\/mecatek.eu\/porte-velos-van-bike-2-linnovation-pour-votre-fourgon\/#article","isPartOf":{"@id":"https:\/\/mecatek.eu\/porte-velos-van-bike-2-linnovation-pour-votre-fourgon\/"},"author":{"name":"admin-MCK67920_fk","@id":"https:\/\/mecatek.eu\/#\/schema\/person\/6c00cd79ec83ffb6593d21493507e739"},"headline":"Porte-v\u00e9los VAN-BIKE 2 : l&rsquo;innovation pour votre fourgon !","datePublished":"2019-07-30T12:57:00+00:00","dateModified":"2026-01-29T21:04:01+00:00","mainEntityOfPage":{"@id":"https:\/\/mecatek.eu\/porte-velos-van-bike-2-linnovation-pour-votre-fourgon\/"},"wordCount":546,"publisher":{"@id":"https:\/\/mecatek.eu\/#organization"},"image":{"@id":"https:\/\/mecatek.eu\/porte-velos-van-bike-2-linnovation-pour-votre-fourgon\/#primaryimage"},"thumbnailUrl":"https:\/\/mecatek.eu\/wp-content\/uploads\/2026\/01\/van-bike-2-innovation-fourgon.jpg","articleSection":["Nouveaut\u00e9s"],"inLanguage":"de"},{"@type":"WebPage","@id":"https:\/\/mecatek.eu\/porte-velos-van-bike-2-linnovation-pour-votre-fourgon\/","url":"https:\/\/mecatek.eu\/porte-velos-van-bike-2-linnovation-pour-votre-fourgon\/","name":"Fahrradtr\u00e4ger VAN-BIKE 2: Die Innovation f\u00fcr Ihren Lieferwagen! - Mecatek (ehemals Sawiko Frankreich)","isPartOf":{"@id":"https:\/\/mecatek.eu\/#website"},"primaryImageOfPage":{"@id":"https:\/\/mecatek.eu\/porte-velos-van-bike-2-linnovation-pour-votre-fourgon\/#primaryimage"},"image":{"@id":"https:\/\/mecatek.eu\/porte-velos-van-bike-2-linnovation-pour-votre-fourgon\/#primaryimage"},"thumbnailUrl":"https:\/\/mecatek.eu\/wp-content\/uploads\/2026\/01\/van-bike-2-innovation-fourgon.jpg","datePublished":"2019-07-30T12:57:00+00:00","dateModified":"2026-01-29T21:04:01+00:00","description":"Entdecken Sie den neuen Fahrradtr\u00e4ger VAN-BIKE 2, eine echte Innovation f\u00fcr den Transport von 2 Elektro- oder Standardfahrr\u00e4dern auf der R\u00fcckseite eines Lieferwagens.","breadcrumb":{"@id":"https:\/\/mecatek.eu\/porte-velos-van-bike-2-linnovation-pour-votre-fourgon\/#breadcrumb"},"inLanguage":"de","potentialAction":[{"@type":"ReadAction","target":["https:\/\/mecatek.eu\/porte-velos-van-bike-2-linnovation-pour-votre-fourgon\/"]}]},{"@type":"ImageObject","inLanguage":"de","@id":"https:\/\/mecatek.eu\/porte-velos-van-bike-2-linnovation-pour-votre-fourgon\/#primaryimage","url":"https:\/\/mecatek.eu\/wp-content\/uploads\/2026\/01\/van-bike-2-innovation-fourgon.jpg","contentUrl":"https:\/\/mecatek.eu\/wp-content\/uploads\/2026\/01\/van-bike-2-innovation-fourgon.jpg","width":1200,"height":800,"caption":"Nouveau porte-v\u00e9los Van-Bike 2 pour fourgon Fiat Ducato, Citro\u00ebn Jumper et Peugeot Boxer"},{"@type":"BreadcrumbList","@id":"https:\/\/mecatek.eu\/porte-velos-van-bike-2-linnovation-pour-votre-fourgon\/#breadcrumb","itemListElement":[{"@type":"ListItem","position":1,"name":"Accueil","item":"https:\/\/mecatek.eu\/"},{"@type":"ListItem","position":2,"name":"Porte-v\u00e9los VAN-BIKE 2 : l&rsquo;innovation pour votre fourgon !"}]},{"@type":"WebSite","@id":"https:\/\/mecatek.eu\/#website","url":"https:\/\/mecatek.eu\/","name":"Mecatek (ehemals Sawiko Frankreich)","description":"Hersteller von Anh\u00e4ngerkupplungen f\u00fcr Wohnmobile und Lieferwagen - Mecatek","publisher":{"@id":"https:\/\/mecatek.eu\/#organization"},"potentialAction":[{"@type":"SearchAction","target":{"@type":"EntryPoint","urlTemplate":"https:\/\/mecatek.eu\/?s={search_term_string}"},"query-input":{"@type":"PropertyValueSpecification","valueRequired":true,"valueName":"search_term_string"}}],"inLanguage":"de"},{"@type":"Organization","@id":"https:\/\/mecatek.eu\/#organization","name":"Mecatek (ehemals Sawiko Frankreich)","url":"https:\/\/mecatek.eu\/","logo":{"@type":"ImageObject","inLanguage":"de","@id":"https:\/\/mecatek.eu\/#\/schema\/logo\/image\/","url":"http:\/\/mecatek.eu\/wp-content\/uploads\/2026\/01\/Logo-Mecatek-Solutions-techniques-2025-300px.png","contentUrl":"http:\/\/mecatek.eu\/wp-content\/uploads\/2026\/01\/Logo-Mecatek-Solutions-techniques-2025-300px.png","width":400,"height":94,"caption":"Mecatek (ex-Sawiko France)"},"image":{"@id":"https:\/\/mecatek.eu\/#\/schema\/logo\/image\/"}},{"@type":"Person","@id":"https:\/\/mecatek.eu\/#\/schema\/person\/6c00cd79ec83ffb6593d21493507e739","name":"admin-MCK67920_fk","image":{"@type":"ImageObject","inLanguage":"de","@id":"https:\/\/mecatek.eu\/#\/schema\/person\/image\/","url":"https:\/\/secure.gravatar.com\/avatar\/60017e7bedeb00a1bc3329d075dd4782f881081b9c1f7277e4798e7fba3c8d2a?s=96&d=mm&r=g","contentUrl":"https:\/\/secure.gravatar.com\/avatar\/60017e7bedeb00a1bc3329d075dd4782f881081b9c1f7277e4798e7fba3c8d2a?s=96&d=mm&r=g","caption":"admin-MCK67920_fk"},"sameAs":["http:\/\/mecatek.eu"]}]}},"_links":{"self":[{"href":"https:\/\/mecatek.eu\/de\/wp-json\/wp\/v2\/posts\/2470","targetHints":{"allow":["GET"]}}],"collection":[{"href":"https:\/\/mecatek.eu\/de\/wp-json\/wp\/v2\/posts"}],"about":[{"href":"https:\/\/mecatek.eu\/de\/wp-json\/wp\/v2\/types\/post"}],"author":[{"embeddable":true,"href":"https:\/\/mecatek.eu\/de\/wp-json\/wp\/v2\/users\/1"}],"replies":[{"embeddable":true,"href":"https:\/\/mecatek.eu\/de\/wp-json\/wp\/v2\/comments?post=2470"}],"version-history":[{"count":10,"href":"https:\/\/mecatek.eu\/de\/wp-json\/wp\/v2\/posts\/2470\/revisions"}],"predecessor-version":[{"id":2705,"href":"https:\/\/mecatek.eu\/de\/wp-json\/wp\/v2\/posts\/2470\/revisions\/2705"}],"wp:featuredmedia":[{"embeddable":true,"href":"https:\/\/mecatek.eu\/de\/wp-json\/wp\/v2\/media\/2471"}],"wp:attachment":[{"href":"https:\/\/mecatek.eu\/de\/wp-json\/wp\/v2\/media?parent=2470"}],"wp:term":[{"taxonomy":"category","embeddable":true,"href":"https:\/\/mecatek.eu\/de\/wp-json\/wp\/v2\/categories?post=2470"},{"taxonomy":"post_tag","embeddable":true,"href":"https:\/\/mecatek.eu\/de\/wp-json\/wp\/v2\/tags?post=2470"}],"curies":[{"name":"wp","href":"https:\/\/api.w.org\/{rel}","templated":true}]}}