{"id":1854,"date":"2025-02-20T15:51:00","date_gmt":"2025-02-20T14:51:00","guid":{"rendered":"https:\/\/mecatek.eu\/?p=1854"},"modified":"2026-01-29T21:55:28","modified_gmt":"2026-01-29T20:55:28","slug":"die-befestigungsarten-fur-fahrradturen","status":"publish","type":"post","link":"https:\/\/mecatek.eu\/de\/die-befestigungsarten-fur-fahrradturen\/","title":{"rendered":"Befestigungsarten f\u00fcr Fahrradt\u00fcren"},"content":{"rendered":"<div data-elementor-type=\"wp-post\" data-elementor-id=\"1854\" class=\"elementor elementor-1854\" data-elementor-post-type=\"post\">\n\t\t\t\t<div class=\"elementor-element elementor-element-2d317415 e-flex e-con-boxed e-con e-parent\" data-id=\"2d317415\" data-element_type=\"container\" data-e-type=\"container\">\n\t\t\t\t\t<div class=\"e-con-inner\">\n\t\t\t\t<div class=\"elementor-element elementor-element-1a822b53 elementor-widget elementor-widget-text-editor\" data-id=\"1a822b53\" data-element_type=\"widget\" data-e-type=\"widget\" data-widget_type=\"text-editor.default\">\n\t\t\t\t\t\t\t\t\t<p>Entdecken Sie die besten L\u00f6sungen f\u00fcr die Befestigung von Fahrradtr\u00e4gern an Kastenwagen und ausgebauten Lieferwagen. Mecatek leitet Sie an, damit Sie Ihre Fahrr\u00e4der in aller Ruhe transportieren k\u00f6nnen!<\/p><p>Der Fahrradtr\u00e4ger ist ein unverzichtbares Zubeh\u00f6r f\u00fcr alle, die gerne mit einem Kastenwagen oder einem umgebauten Van reisen. Er erm\u00f6glicht den sicheren Transport von einem oder mehreren Fahrr\u00e4dern und sorgt daf\u00fcr, dass diese w\u00e4hrend der gesamten Fahrt stabil bleiben. Der robuste und praktische Fahrradtr\u00e4ger ist die sicherste und geeignetste L\u00f6sung, um den Transport Ihrer Fahrr\u00e4der unter den besten Bedingungen zu gew\u00e4hrleisten.\u00a0<\/p><p>Fahrradtr\u00e4ger k\u00f6nnen an umgebauten Lieferwagen oder Vans mithilfe von\u00a0<b>geeignete Befestigungssysteme<\/b>. Es gibt n\u00e4mlich mehrere davon, und jede hat ihre Besonderheiten. Die Wahl einer geeigneten und sicheren Befestigung ist wichtig, um zu verhindern, dass sie sich w\u00e4hrend des Transports l\u00f6st, und um Sch\u00e4den am Fahrzeug zu vermeiden.\u00a0<\/p><p>Als Spezialist f\u00fcr Ausr\u00fcstungen f\u00fcr Freizeitfahrzeuge bietet Ihnen Mecatek - ehemals Sawiko France - zuverl\u00e4ssige und angepasste L\u00f6sungen, um eine solide und dauerhafte Befestigung Ihrer\u00a0<b>Fahrradtr\u00e4ger an Ihrem Van\u00a0<\/b>oder Ihren umgebauten Van.\u00a0<\/p><p>Es gibt drei Haupt\u00a0<b>Arten von Befestigungen f\u00fcr Fahrradtr\u00e4ger: die Befestigung an Scharnieren<\/b>\u00a0der hinteren T\u00fcren des Lieferwagens, die\u00a0<b>Befestigung unter dem Fahrgestell<\/b>, und die\u00a0<b>Befestigung an der Kugel der Anh\u00e4ngerkupplung<\/b>. Jede dieser Befestigungen hat spezifische Besonderheiten und Vorteile, die es im Einzelnen zu pr\u00fcfen gilt, um die fundierteste Wahl treffen zu k\u00f6nnen.\u00a0<\/p><h2>Warum sollte man die richtige Befestigung f\u00fcr den Fahrradtr\u00e4ger w\u00e4hlen?\u00a0<\/h2><p>Die Wahl einer geeigneten Befestigung sollte nie auf die leichte Schulter genommen werden. Hier sind die wichtigsten Gr\u00fcnde f\u00fcr die Installation eines\u00a0<b>Befestigungssystem f\u00fcr Fahrradtr\u00e4ger<\/b>\u00a0an Ihrem Freizeitfahrzeug :<\/p><h3>Sicherheit geht vor<\/h3><p>Die Sicherheit hat nat\u00fcrlich oberste Priorit\u00e4t: Eine schlechte Befestigung kann zu schweren Unf\u00e4llen im Stra\u00dfenverkehr oder zu Sachsch\u00e4den f\u00fchren, wenn sich der Fahrradtr\u00e4ger l\u00f6st.\u00a0<\/p><h3>Die Kompatibilit\u00e4t mit Ihrem Fahrzeug\u00a0<\/h3><p>Es ist wichtig, dass Sie ein Befestigungssystem w\u00e4hlen, das f\u00fcr Ihren Kastenwagen oder Transporter mit Inneneinrichtung geeignet ist, um eine optimale Installation und eine uneingeschr\u00e4nkte Nutzung zu gew\u00e4hrleisten.\u00a0<\/p><h3>Praktikabilit\u00e4t und Komfort bei der Nutzung\u00a0<\/h3><p>Einige Befestigungssysteme erm\u00f6glichen einen leichten Zugang zum Kofferraum oder zu den hinteren T\u00fcren, w\u00e4hrend andere sich durch eine einfache Montage und Demontage auszeichnen. Diese praktischen Aspekte haben einen direkten Einfluss auf den t\u00e4glichen Nutzungskomfort.\u00a0<\/p><h3>Langlebigkeit und Robustheit<\/h3><p>Es ist unerl\u00e4sslich, dass der\u00a0<b>Befestigungssystem f\u00fcr einen Fahrradtr\u00e4ger<\/b>\u00a0robust in ihrer Konstruktion ist, um die Sicherheit des Fahrzeugs und der Ladung zu gew\u00e4hrleisten. Eine qualitativ hochwertige Befestigung hat eine maximale Lebensdauer und h\u00e4lt den \u00e4u\u00dferen Bedingungen besser stand.\u00a0<\/p><p>Um all diesen Kriterien gerecht zu werden, hat Mecatek daher eine ganze Reihe von L\u00f6sungen entwickelt, die Sicherheit, Praktikabilit\u00e4t und Robustheit miteinander verbinden.\u00a0<\/p><h2>Die verschiedenen Arten von Fahrradtr\u00e4gerbefestigungen\u00a0<\/h2><p>Es gibt verschiedene Arten von Befestigungen f\u00fcr Fahrradtr\u00e4ger. Die wichtigsten Systeme sind folgende:\u00a0<\/p><h3>Die Befestigung an der Kugel der Anh\u00e4ngerkupplung<\/h3><p>Diese vielseitige L\u00f6sung besticht durch ihre einfache Installation und ihre Kompatibilit\u00e4t mit einer Vielzahl von Fahrzeugen. Sie erm\u00f6glicht den Transport mehrerer Fahrr\u00e4der, ohne dass die Struktur des Wohnmobils oder Vans ver\u00e4ndert werden muss. Dieses Befestigungssystem zeichnet sich insbesondere durch seine schnelle Montage aus, wobei der Fahrradtr\u00e4ger bei Bedarf leicht abgenommen werden kann.\u00a0<\/p><p>Die Modelle, die von\u00a0<b>Mecatek zeichnen sich durch ihr innovatives Neigungssystem aus<\/b>, Dadurch wird der Zugang zum Kofferraum erleichtert, auch wenn die Fahrr\u00e4der beladen sind. Die Palette umfasst auch verst\u00e4rkte Versionen, die speziell f\u00fcr den sicheren Transport von Elektrofahrr\u00e4dern konzipiert sind. Entdecken Sie den <a href=\"https:\/\/mecatek.eu\/de\/produkt\/fahrradtrager-auf-kugel-dattelage-fur-kastenwagen-renault-trafic-3\/\">Fahrradtr\u00e4ger auf der Kugelkopfkupplung<\/a> f\u00fcr Lieferwagen von Mecatek!<\/p><p><img fetchpriority=\"high\" decoding=\"async\" class=\"alignnone size-full wp-image-1857\" src=\"http:\/\/mecatek.eu\/wp-content\/uploads\/2026\/01\/Fixation-sur-boule-attelage_002.jpeg\" alt=\"\" width=\"1200\" height=\"795\" srcset=\"https:\/\/mecatek.eu\/wp-content\/uploads\/2026\/01\/Fixation-sur-boule-attelage_002.jpeg 1200w, https:\/\/mecatek.eu\/wp-content\/uploads\/2026\/01\/Fixation-sur-boule-attelage_002-500x331.jpeg 500w, https:\/\/mecatek.eu\/wp-content\/uploads\/2026\/01\/Fixation-sur-boule-attelage_002-300x199.jpeg 300w, https:\/\/mecatek.eu\/wp-content\/uploads\/2026\/01\/Fixation-sur-boule-attelage_002-1024x678.jpeg 1024w, https:\/\/mecatek.eu\/wp-content\/uploads\/2026\/01\/Fixation-sur-boule-attelage_002-768x509.jpeg 768w\" sizes=\"(max-width: 1200px) 100vw, 1200px\" \/><\/p><h3>Die Befestigung unter dem Fahrzeugrahmen<\/h3><p>Das Unterboden-Befestigungssystem ist eine robuste L\u00f6sung, die sich besonders f\u00fcr Wohnmobile oder Vans mit einem verl\u00e4ngerten Fahrgestell eignet. Da das System fest mit dem Fahrgestell verbunden ist, kann es gr\u00f6\u00dfere Lasten tragen, was es zur idealen Option f\u00fcr den Transport von E-Bikes oder besonders schweren Fahrr\u00e4dern macht. Au\u00dferdem handelt es sich um eine feste L\u00f6sung, die den Zugang zu den hinteren T\u00fcren oder zum Kofferraum nicht behindert.\u00a0<\/p><p><b>Mecatek bietet ma\u00dfgeschneiderte Modelle an<\/b>, Sie sind speziell f\u00fcr verschiedene Arten von Fahrgestellen konzipiert, wodurch eine optimale Kompatibilit\u00e4t mit einer Vielzahl von Fahrzeugen gew\u00e4hrleistet wird.\u00a0<\/p><p><b>Entdecken Sie unsere Van-Bike 3 :<\/b><\/p><ul><li><a href=\"https:\/\/mecatek.eu\/de\/produkt\/fahrradtrager-van-bike-3-fur-van-ford-custom\/\">Fahrradtr\u00e4ger f\u00fcr Ford Custom<\/a><\/li><li><a href=\"https:\/\/mecatek.eu\/de\/produkt\/fahrradtrager-van-bike-3-fur-renault-master\/\">Fahrradtr\u00e4ger f\u00fcr Renault Master<\/a><\/li><\/ul><p><b>Entdecken Sie die Agito-Reihe :\u00a0<\/b><\/p><ul><li><a href=\"https:\/\/mecatek.eu\/de\/produkt\/fahrradtrager-kastenwagen-agito-top\/\">Fahrradtr\u00e4ger Agito top<\/a><\/li><li><a href=\"https:\/\/mecatek.eu\/de\/produkt\/motorradtrager-fur-kastenwagen-agito-1\/\">Fahrradtr\u00e4ger Agito 1<\/a><\/li><\/ul><div><img decoding=\"async\" class=\"alignnone size-full wp-image-1856\" src=\"http:\/\/mecatek.eu\/wp-content\/uploads\/2026\/01\/Fixation-sous-chassis_002.jpeg\" alt=\"\" width=\"1200\" height=\"800\" srcset=\"https:\/\/mecatek.eu\/wp-content\/uploads\/2026\/01\/Fixation-sous-chassis_002.jpeg 1200w, https:\/\/mecatek.eu\/wp-content\/uploads\/2026\/01\/Fixation-sous-chassis_002-500x333.jpeg 500w, https:\/\/mecatek.eu\/wp-content\/uploads\/2026\/01\/Fixation-sous-chassis_002-300x200.jpeg 300w, https:\/\/mecatek.eu\/wp-content\/uploads\/2026\/01\/Fixation-sous-chassis_002-1024x683.jpeg 1024w, https:\/\/mecatek.eu\/wp-content\/uploads\/2026\/01\/Fixation-sous-chassis_002-768x512.jpeg 768w\" sizes=\"(max-width: 1200px) 100vw, 1200px\" \/><\/div><h3>Die Befestigung an den Scharnieren der hinteren T\u00fcren<\/h3><p>Es gibt auch ein System, das so konzipiert ist, dass es direkt an den Scharnieren der hinteren T\u00fcren des Fahrzeugs befestigt werden kann. Diese Art der Befestigung ist ideal f\u00fcr Kastenwagen und ausgebaute Vans. Der Hauptvorteil dieses Systems besteht darin, dass die Karosserie nicht ver\u00e4ndert werden muss. Es ist nicht notwendig, die Karosserie zu durchbohren oder die Struktur des Fahrzeugs zu ver\u00e4ndern, um es zu installieren.\u00a0<\/p><p>Dieses Befestigungssystem zeichnet sich auch durch sein geringes Gewicht aus, was es jedoch nicht daran hindert, eine hervorragende Nutzlast zu bieten.\u00a0<b>Mecatek bietet leichte und funktionelle Systeme an<\/b>, Die meisten von ihnen sind so konstruiert, dass sie es erm\u00f6glichen, die hinteren T\u00fcren des Fahrzeugs zu \u00f6ffnen, ohne dass der Fahrradtr\u00e4ger vorher abmontiert werden muss.\u00a0<\/p><p><b>Entdecken Sie unsere Van-Bike 2 :<\/b><\/p><ul><li><a href=\"https:\/\/mecatek.eu\/de\/produkt\/fahrradtrager-fur-lieferwagen-van-bike-2\/\">Fahrradtr\u00e4ger Scharnierbefestigung speziell f\u00fcr Kastenwagen Fiat Ducato<\/a><\/li><li><a href=\"https:\/\/mecatek.eu\/de\/produkt\/lastentrager-adventure-rack\/\">Lastentr\u00e4ger f\u00fcr Fahrr\u00e4der oder Kofferr\u00e4ume Adventure Rack<\/a><\/li><\/ul><p><img decoding=\"async\" class=\"alignnone size-full wp-image-1855\" src=\"http:\/\/mecatek.eu\/wp-content\/uploads\/2026\/01\/Fixation-charnieres-portes-arriere_003.jpeg\" alt=\"\" width=\"1200\" height=\"800\" srcset=\"https:\/\/mecatek.eu\/wp-content\/uploads\/2026\/01\/Fixation-charnieres-portes-arriere_003.jpeg 1200w, https:\/\/mecatek.eu\/wp-content\/uploads\/2026\/01\/Fixation-charnieres-portes-arriere_003-500x333.jpeg 500w, https:\/\/mecatek.eu\/wp-content\/uploads\/2026\/01\/Fixation-charnieres-portes-arriere_003-300x200.jpeg 300w, https:\/\/mecatek.eu\/wp-content\/uploads\/2026\/01\/Fixation-charnieres-portes-arriere_003-1024x683.jpeg 1024w, https:\/\/mecatek.eu\/wp-content\/uploads\/2026\/01\/Fixation-charnieres-portes-arriere_003-768x512.jpeg 768w\" sizes=\"(max-width: 1200px) 100vw, 1200px\" \/><\/p><h2>Wie w\u00e4hlen Sie die ideale Halterung f\u00fcr Ihr Fahrzeug?<\/h2><p>Die Wahl des idealen Befestigungssystems h\u00e4ngt von mehreren wesentlichen Kriterien ab.\u00a0<\/p><p>Der erste Punkt ist nat\u00fcrlich die Art des Fahrzeugs, das Sie besitzen, da jede Kategorie Besonderheiten aufweist, die es zu ber\u00fccksichtigen gilt.\u00a0<\/p><p>Die Anzahl der zu transportierenden Fahrr\u00e4der ist ebenfalls ein entscheidendes Kriterium, das es zu ber\u00fccksichtigen gilt, ebenso wie das Gesamtgewicht, das das Befestigungssystem tragen muss, insbesondere wenn Sie planen, Elektrofahrr\u00e4der zu transportieren.<\/p><p>Auch die H\u00e4ufigkeit der Nutzung ist ein nicht zu vernachl\u00e4ssigender Faktor: Bei regelm\u00e4\u00dfiger Nutzung wird eine besonders robuste und praktische L\u00f6sung ben\u00f6tigt.\u00a0<\/p><p>Um Ihnen bei der Auswahl der\u00a0<b>beste Befestigung je nach Ihren Bed\u00fcrfnissen und Ihrem Fahrzeug<\/b>, Die Experten von\u00a0<b>Mecatek begleiten Sie<\/b>\u00a0indem wir Sie pers\u00f6nlich beraten.\u00a0<\/p><h2>Die Installation und Wartung Ihrer Fahrradtr\u00e4gerbefestigung\u00a0<\/h2><p>Eine korrekte Installation garantiert die Sicherheit und Langlebigkeit Ihrer Ausr\u00fcstung. Vor jeder Abreise ist es wichtig, dass Sie\u00a0<b>\u00fcberpr\u00fcfen, ob die Bindungen fest angezogen sind<\/b>, Der Fahrradtr\u00e4ger muss die Stabilit\u00e4t des Fahrrads gew\u00e4hrleisten und gleichzeitig sicherstellen, dass er die Sicht oder den Zugang zum Kofferraum des Fahrzeugs nicht behindert.\u00a0<\/p><p>Eine\u00a0<b>regelm\u00e4\u00dfige Wartung<\/b>\u00a0k\u00f6nnen Sie die Lebensdauer Ihrer Anlage deutlich verl\u00e4ngern. Die h\u00e4ufige Reinigung der Befestigungen ist unerl\u00e4sslich, um Verschlei\u00df zu vermeiden, ebenso wie die systematische \u00dcberpr\u00fcfung der beweglichen Teile (Scharniere, Verriegelungssysteme).\u00a0<\/p><p>Die von Mecatek angebotenen L\u00f6sungen sind so konzipiert, dass sie sowohl robust als auch wartungsfreundlich sind, so dass sie f\u00fcr lange Fahrten und die unterschiedlichsten Wetterbedingungen geeignet sind.\u00a0<\/p><p>Die Wahl einer passenden Fahrradtr\u00e4gerbefestigung ist daher eine unumg\u00e4ngliche Investition, damit Sie in aller Ruhe reisen und Ihre Fahrr\u00e4der transportieren k\u00f6nnen. Mecatek hat sich auf die Ausr\u00fcstung von Freizeitfahrzeugen spezialisiert und bietet L\u00f6sungen an, die auf die spezifischen Bed\u00fcrfnisse jedes einzelnen Benutzers zugeschnitten sind.\u00a0<\/p><p>Entdecken Sie also unser gesamtes Sortiment an Befestigungen f\u00fcr Fahrradtr\u00e4ger und nutzen Sie die fachkundige Beratung unserer Experten, um sicherzustellen, dass Sie die richtige Wahl treffen. Bei Mecatek steht Ihre Zufriedenheit an erster Stelle!<\/p>\t\t\t\t\t\t\t\t<\/div>\n\t\t\t\t\t<\/div>\n\t\t\t\t<\/div>\n\t\t\t\t<\/div>","protected":false},"excerpt":{"rendered":"<p>D\u00e9couvrez les types de fixation pour portes v\u00e9lo et leurs avantages : sur charni\u00e8res des portes arri\u00e8re, sous le ch\u00e2ssis du fourgon ou sur la boule d&rsquo;attelage. <\/p>","protected":false},"author":1,"featured_media":1859,"comment_status":"closed","ping_status":"closed","sticky":false,"template":"","format":"standard","meta":{"footnotes":""},"categories":[91],"tags":[93],"class_list":["post-1854","post","type-post","status-publish","format-standard","has-post-thumbnail","hentry","category-infos-techniques","tag-highlight"],"blocksy_meta":[],"yoast_head":"<!-- This site is optimized with the Yoast SEO plugin v26.9 - https:\/\/yoast.com\/product\/yoast-seo-wordpress\/ -->\n<title>Les types de fixation pour les portes v\u00e9lo - Mecatek (ex-Sawiko France)<\/title>\n<meta name=\"description\" content=\"Fixation d&#039;un porte-v\u00e9los sur un fourgon ou un van, d\u00e9couvrez les divers types de fixations : sur charni\u00e8res des portes arri\u00e8re, sous ch\u00e2ssis du fourgon ou sur la boule d&#039;attelage\" \/>\n<meta name=\"robots\" content=\"index, follow, max-snippet:-1, max-image-preview:large, max-video-preview:-1\" \/>\n<link rel=\"canonical\" href=\"https:\/\/mecatek.eu\/de\/die-befestigungsarten-fur-fahrradturen\/\" \/>\n<meta property=\"og:locale\" content=\"de_DE\" \/>\n<meta property=\"og:type\" content=\"article\" \/>\n<meta property=\"og:title\" content=\"Les types de fixation pour les portes v\u00e9lo - Mecatek (ex-Sawiko France)\" \/>\n<meta property=\"og:description\" content=\"Fixation d&#039;un porte-v\u00e9los sur un fourgon ou un van, d\u00e9couvrez les divers types de fixations : sur charni\u00e8res des portes arri\u00e8re, sous ch\u00e2ssis du fourgon ou sur la boule d&#039;attelage\" \/>\n<meta property=\"og:url\" content=\"https:\/\/mecatek.eu\/de\/die-befestigungsarten-fur-fahrradturen\/\" \/>\n<meta property=\"og:site_name\" content=\"Mecatek (ex-Sawiko France)\" \/>\n<meta property=\"article:published_time\" content=\"2025-02-20T14:51:00+00:00\" \/>\n<meta property=\"article:modified_time\" content=\"2026-01-29T20:55:28+00:00\" \/>\n<meta property=\"og:image\" content=\"http:\/\/mecatek.eu\/wp-content\/uploads\/2025\/02\/Fixation-charnieres-portes-arriere_005.jpeg\" \/>\n\t<meta property=\"og:image:width\" content=\"1200\" \/>\n\t<meta property=\"og:image:height\" content=\"795\" \/>\n\t<meta property=\"og:image:type\" content=\"image\/jpeg\" \/>\n<meta name=\"author\" content=\"admin-MCK67920_fk\" \/>\n<meta name=\"twitter:card\" content=\"summary_large_image\" \/>\n<meta name=\"twitter:label1\" content=\"Verfasst von\" \/>\n\t<meta name=\"twitter:data1\" content=\"admin-MCK67920_fk\" \/>\n\t<meta name=\"twitter:label2\" content=\"Gesch\u00e4tzte Lesezeit\" \/>\n\t<meta name=\"twitter:data2\" content=\"7\u00a0Minuten\" \/>\n<script type=\"application\/ld+json\" class=\"yoast-schema-graph\">{\"@context\":\"https:\/\/schema.org\",\"@graph\":[{\"@type\":\"Article\",\"@id\":\"https:\/\/mecatek.eu\/les-types-de-fixation-pour-les-portes-velo\/#article\",\"isPartOf\":{\"@id\":\"https:\/\/mecatek.eu\/les-types-de-fixation-pour-les-portes-velo\/\"},\"author\":{\"name\":\"admin-MCK67920_fk\",\"@id\":\"https:\/\/mecatek.eu\/#\/schema\/person\/6c00cd79ec83ffb6593d21493507e739\"},\"headline\":\"Les types de fixation pour les portes v\u00e9lo\",\"datePublished\":\"2025-02-20T14:51:00+00:00\",\"dateModified\":\"2026-01-29T20:55:28+00:00\",\"mainEntityOfPage\":{\"@id\":\"https:\/\/mecatek.eu\/les-types-de-fixation-pour-les-portes-velo\/\"},\"wordCount\":1449,\"publisher\":{\"@id\":\"https:\/\/mecatek.eu\/#organization\"},\"image\":{\"@id\":\"https:\/\/mecatek.eu\/les-types-de-fixation-pour-les-portes-velo\/#primaryimage\"},\"thumbnailUrl\":\"https:\/\/mecatek.eu\/wp-content\/uploads\/2025\/02\/Fixation-charnieres-portes-arriere_005.jpeg\",\"keywords\":[\"Highlight\"],\"articleSection\":[\"Infos techniques\"],\"inLanguage\":\"de\"},{\"@type\":\"WebPage\",\"@id\":\"https:\/\/mecatek.eu\/les-types-de-fixation-pour-les-portes-velo\/\",\"url\":\"https:\/\/mecatek.eu\/les-types-de-fixation-pour-les-portes-velo\/\",\"name\":\"Les types de fixation pour les portes v\u00e9lo - Mecatek (ex-Sawiko France)\",\"isPartOf\":{\"@id\":\"https:\/\/mecatek.eu\/#website\"},\"primaryImageOfPage\":{\"@id\":\"https:\/\/mecatek.eu\/les-types-de-fixation-pour-les-portes-velo\/#primaryimage\"},\"image\":{\"@id\":\"https:\/\/mecatek.eu\/les-types-de-fixation-pour-les-portes-velo\/#primaryimage\"},\"thumbnailUrl\":\"https:\/\/mecatek.eu\/wp-content\/uploads\/2025\/02\/Fixation-charnieres-portes-arriere_005.jpeg\",\"datePublished\":\"2025-02-20T14:51:00+00:00\",\"dateModified\":\"2026-01-29T20:55:28+00:00\",\"description\":\"Fixation d'un porte-v\u00e9los sur un fourgon ou un van, d\u00e9couvrez les divers types de fixations : sur charni\u00e8res des portes arri\u00e8re, sous ch\u00e2ssis du fourgon ou sur la boule d'attelage\",\"breadcrumb\":{\"@id\":\"https:\/\/mecatek.eu\/les-types-de-fixation-pour-les-portes-velo\/#breadcrumb\"},\"inLanguage\":\"de\",\"potentialAction\":[{\"@type\":\"ReadAction\",\"target\":[\"https:\/\/mecatek.eu\/les-types-de-fixation-pour-les-portes-velo\/\"]}]},{\"@type\":\"ImageObject\",\"inLanguage\":\"de\",\"@id\":\"https:\/\/mecatek.eu\/les-types-de-fixation-pour-les-portes-velo\/#primaryimage\",\"url\":\"https:\/\/mecatek.eu\/wp-content\/uploads\/2025\/02\/Fixation-charnieres-portes-arriere_005.jpeg\",\"contentUrl\":\"https:\/\/mecatek.eu\/wp-content\/uploads\/2025\/02\/Fixation-charnieres-portes-arriere_005.jpeg\",\"width\":1200,\"height\":795,\"caption\":\"Fixation sur les charni\u00e8res des portes arri\u00e8re du fourgon\"},{\"@type\":\"BreadcrumbList\",\"@id\":\"https:\/\/mecatek.eu\/les-types-de-fixation-pour-les-portes-velo\/#breadcrumb\",\"itemListElement\":[{\"@type\":\"ListItem\",\"position\":1,\"name\":\"Accueil\",\"item\":\"https:\/\/mecatek.eu\/\"},{\"@type\":\"ListItem\",\"position\":2,\"name\":\"Les types de fixation pour les portes v\u00e9lo\"}]},{\"@type\":\"WebSite\",\"@id\":\"https:\/\/mecatek.eu\/#website\",\"url\":\"https:\/\/mecatek.eu\/\",\"name\":\"Mecatek (ex-Sawiko France)\",\"description\":\"Fabricant d&#039;attelages pour camping-car et fourgon - Mecatek\",\"publisher\":{\"@id\":\"https:\/\/mecatek.eu\/#organization\"},\"potentialAction\":[{\"@type\":\"SearchAction\",\"target\":{\"@type\":\"EntryPoint\",\"urlTemplate\":\"https:\/\/mecatek.eu\/?s={search_term_string}\"},\"query-input\":{\"@type\":\"PropertyValueSpecification\",\"valueRequired\":true,\"valueName\":\"search_term_string\"}}],\"inLanguage\":\"de\"},{\"@type\":\"Organization\",\"@id\":\"https:\/\/mecatek.eu\/#organization\",\"name\":\"Mecatek (ex-Sawiko France)\",\"url\":\"https:\/\/mecatek.eu\/\",\"logo\":{\"@type\":\"ImageObject\",\"inLanguage\":\"de\",\"@id\":\"https:\/\/mecatek.eu\/#\/schema\/logo\/image\/\",\"url\":\"http:\/\/mecatek.eu\/wp-content\/uploads\/2026\/01\/Logo-Mecatek-Solutions-techniques-2025-300px.png\",\"contentUrl\":\"http:\/\/mecatek.eu\/wp-content\/uploads\/2026\/01\/Logo-Mecatek-Solutions-techniques-2025-300px.png\",\"width\":400,\"height\":94,\"caption\":\"Mecatek (ex-Sawiko France)\"},\"image\":{\"@id\":\"https:\/\/mecatek.eu\/#\/schema\/logo\/image\/\"}},{\"@type\":\"Person\",\"@id\":\"https:\/\/mecatek.eu\/#\/schema\/person\/6c00cd79ec83ffb6593d21493507e739\",\"name\":\"admin-MCK67920_fk\",\"image\":{\"@type\":\"ImageObject\",\"inLanguage\":\"de\",\"@id\":\"https:\/\/mecatek.eu\/#\/schema\/person\/image\/\",\"url\":\"https:\/\/secure.gravatar.com\/avatar\/60017e7bedeb00a1bc3329d075dd4782f881081b9c1f7277e4798e7fba3c8d2a?s=96&d=mm&r=g\",\"contentUrl\":\"https:\/\/secure.gravatar.com\/avatar\/60017e7bedeb00a1bc3329d075dd4782f881081b9c1f7277e4798e7fba3c8d2a?s=96&d=mm&r=g\",\"caption\":\"admin-MCK67920_fk\"},\"sameAs\":[\"http:\/\/mecatek.eu\"]}]}<\/script>\n<!-- \/ Yoast SEO plugin. -->","yoast_head_json":{"title":"Befestigungsarten f\u00fcr Fahrradtr\u00e4ger - Mecatek (ehemals Sawiko Deutschland)","description":"Befestigung eines Fahrradtr\u00e4gers an einem Kastenwagen oder Lieferwagen, entdecken Sie die verschiedenen Befestigungsarten: an den Scharnieren der Heckt\u00fcren, unter dem Fahrgestell des Kastenwagens oder auf der Kugel der Anh\u00e4ngerkupplung.","robots":{"index":"index","follow":"follow","max-snippet":"max-snippet:-1","max-image-preview":"max-image-preview:large","max-video-preview":"max-video-preview:-1"},"canonical":"https:\/\/mecatek.eu\/de\/die-befestigungsarten-fur-fahrradturen\/","og_locale":"de_DE","og_type":"article","og_title":"Les types de fixation pour les portes v\u00e9lo - Mecatek (ex-Sawiko France)","og_description":"Fixation d'un porte-v\u00e9los sur un fourgon ou un van, d\u00e9couvrez les divers types de fixations : sur charni\u00e8res des portes arri\u00e8re, sous ch\u00e2ssis du fourgon ou sur la boule d'attelage","og_url":"https:\/\/mecatek.eu\/de\/die-befestigungsarten-fur-fahrradturen\/","og_site_name":"Mecatek (ex-Sawiko France)","article_published_time":"2025-02-20T14:51:00+00:00","article_modified_time":"2026-01-29T20:55:28+00:00","og_image":[{"width":1200,"height":795,"url":"http:\/\/mecatek.eu\/wp-content\/uploads\/2025\/02\/Fixation-charnieres-portes-arriere_005.jpeg","type":"image\/jpeg"}],"author":"admin-MCK67920_fk","twitter_card":"summary_large_image","twitter_misc":{"Verfasst von":"admin-MCK67920_fk","Gesch\u00e4tzte Lesezeit":"7\u00a0Minuten"},"schema":{"@context":"https:\/\/schema.org","@graph":[{"@type":"Article","@id":"https:\/\/mecatek.eu\/les-types-de-fixation-pour-les-portes-velo\/#article","isPartOf":{"@id":"https:\/\/mecatek.eu\/les-types-de-fixation-pour-les-portes-velo\/"},"author":{"name":"admin-MCK67920_fk","@id":"https:\/\/mecatek.eu\/#\/schema\/person\/6c00cd79ec83ffb6593d21493507e739"},"headline":"Les types de fixation pour les portes v\u00e9lo","datePublished":"2025-02-20T14:51:00+00:00","dateModified":"2026-01-29T20:55:28+00:00","mainEntityOfPage":{"@id":"https:\/\/mecatek.eu\/les-types-de-fixation-pour-les-portes-velo\/"},"wordCount":1449,"publisher":{"@id":"https:\/\/mecatek.eu\/#organization"},"image":{"@id":"https:\/\/mecatek.eu\/les-types-de-fixation-pour-les-portes-velo\/#primaryimage"},"thumbnailUrl":"https:\/\/mecatek.eu\/wp-content\/uploads\/2025\/02\/Fixation-charnieres-portes-arriere_005.jpeg","keywords":["Highlight"],"articleSection":["Infos techniques"],"inLanguage":"de"},{"@type":"WebPage","@id":"https:\/\/mecatek.eu\/les-types-de-fixation-pour-les-portes-velo\/","url":"https:\/\/mecatek.eu\/les-types-de-fixation-pour-les-portes-velo\/","name":"Befestigungsarten f\u00fcr Fahrradtr\u00e4ger - Mecatek (ehemals Sawiko Deutschland)","isPartOf":{"@id":"https:\/\/mecatek.eu\/#website"},"primaryImageOfPage":{"@id":"https:\/\/mecatek.eu\/les-types-de-fixation-pour-les-portes-velo\/#primaryimage"},"image":{"@id":"https:\/\/mecatek.eu\/les-types-de-fixation-pour-les-portes-velo\/#primaryimage"},"thumbnailUrl":"https:\/\/mecatek.eu\/wp-content\/uploads\/2025\/02\/Fixation-charnieres-portes-arriere_005.jpeg","datePublished":"2025-02-20T14:51:00+00:00","dateModified":"2026-01-29T20:55:28+00:00","description":"Befestigung eines Fahrradtr\u00e4gers an einem Kastenwagen oder Lieferwagen, entdecken Sie die verschiedenen Befestigungsarten: an den Scharnieren der Heckt\u00fcren, unter dem Fahrgestell des Kastenwagens oder auf der Kugel der Anh\u00e4ngerkupplung.","breadcrumb":{"@id":"https:\/\/mecatek.eu\/les-types-de-fixation-pour-les-portes-velo\/#breadcrumb"},"inLanguage":"de","potentialAction":[{"@type":"ReadAction","target":["https:\/\/mecatek.eu\/les-types-de-fixation-pour-les-portes-velo\/"]}]},{"@type":"ImageObject","inLanguage":"de","@id":"https:\/\/mecatek.eu\/les-types-de-fixation-pour-les-portes-velo\/#primaryimage","url":"https:\/\/mecatek.eu\/wp-content\/uploads\/2025\/02\/Fixation-charnieres-portes-arriere_005.jpeg","contentUrl":"https:\/\/mecatek.eu\/wp-content\/uploads\/2025\/02\/Fixation-charnieres-portes-arriere_005.jpeg","width":1200,"height":795,"caption":"Fixation sur les charni\u00e8res des portes arri\u00e8re du fourgon"},{"@type":"BreadcrumbList","@id":"https:\/\/mecatek.eu\/les-types-de-fixation-pour-les-portes-velo\/#breadcrumb","itemListElement":[{"@type":"ListItem","position":1,"name":"Accueil","item":"https:\/\/mecatek.eu\/"},{"@type":"ListItem","position":2,"name":"Les types de fixation pour les portes v\u00e9lo"}]},{"@type":"WebSite","@id":"https:\/\/mecatek.eu\/#website","url":"https:\/\/mecatek.eu\/","name":"Mecatek (ehemals Sawiko Frankreich)","description":"Hersteller von Anh\u00e4ngerkupplungen f\u00fcr Wohnmobile und Lieferwagen - Mecatek","publisher":{"@id":"https:\/\/mecatek.eu\/#organization"},"potentialAction":[{"@type":"SearchAction","target":{"@type":"EntryPoint","urlTemplate":"https:\/\/mecatek.eu\/?s={search_term_string}"},"query-input":{"@type":"PropertyValueSpecification","valueRequired":true,"valueName":"search_term_string"}}],"inLanguage":"de"},{"@type":"Organization","@id":"https:\/\/mecatek.eu\/#organization","name":"Mecatek (ehemals Sawiko Frankreich)","url":"https:\/\/mecatek.eu\/","logo":{"@type":"ImageObject","inLanguage":"de","@id":"https:\/\/mecatek.eu\/#\/schema\/logo\/image\/","url":"http:\/\/mecatek.eu\/wp-content\/uploads\/2026\/01\/Logo-Mecatek-Solutions-techniques-2025-300px.png","contentUrl":"http:\/\/mecatek.eu\/wp-content\/uploads\/2026\/01\/Logo-Mecatek-Solutions-techniques-2025-300px.png","width":400,"height":94,"caption":"Mecatek (ex-Sawiko France)"},"image":{"@id":"https:\/\/mecatek.eu\/#\/schema\/logo\/image\/"}},{"@type":"Person","@id":"https:\/\/mecatek.eu\/#\/schema\/person\/6c00cd79ec83ffb6593d21493507e739","name":"admin-MCK67920_fk","image":{"@type":"ImageObject","inLanguage":"de","@id":"https:\/\/mecatek.eu\/#\/schema\/person\/image\/","url":"https:\/\/secure.gravatar.com\/avatar\/60017e7bedeb00a1bc3329d075dd4782f881081b9c1f7277e4798e7fba3c8d2a?s=96&d=mm&r=g","contentUrl":"https:\/\/secure.gravatar.com\/avatar\/60017e7bedeb00a1bc3329d075dd4782f881081b9c1f7277e4798e7fba3c8d2a?s=96&d=mm&r=g","caption":"admin-MCK67920_fk"},"sameAs":["http:\/\/mecatek.eu"]}]}},"_links":{"self":[{"href":"https:\/\/mecatek.eu\/de\/wp-json\/wp\/v2\/posts\/1854","targetHints":{"allow":["GET"]}}],"collection":[{"href":"https:\/\/mecatek.eu\/de\/wp-json\/wp\/v2\/posts"}],"about":[{"href":"https:\/\/mecatek.eu\/de\/wp-json\/wp\/v2\/types\/post"}],"author":[{"embeddable":true,"href":"https:\/\/mecatek.eu\/de\/wp-json\/wp\/v2\/users\/1"}],"replies":[{"embeddable":true,"href":"https:\/\/mecatek.eu\/de\/wp-json\/wp\/v2\/comments?post=1854"}],"version-history":[{"count":17,"href":"https:\/\/mecatek.eu\/de\/wp-json\/wp\/v2\/posts\/1854\/revisions"}],"predecessor-version":[{"id":2681,"href":"https:\/\/mecatek.eu\/de\/wp-json\/wp\/v2\/posts\/1854\/revisions\/2681"}],"wp:featuredmedia":[{"embeddable":true,"href":"https:\/\/mecatek.eu\/de\/wp-json\/wp\/v2\/media\/1859"}],"wp:attachment":[{"href":"https:\/\/mecatek.eu\/de\/wp-json\/wp\/v2\/media?parent=1854"}],"wp:term":[{"taxonomy":"category","embeddable":true,"href":"https:\/\/mecatek.eu\/de\/wp-json\/wp\/v2\/categories?post=1854"},{"taxonomy":"post_tag","embeddable":true,"href":"https:\/\/mecatek.eu\/de\/wp-json\/wp\/v2\/tags?post=1854"}],"curies":[{"name":"wp","href":"https:\/\/api.w.org\/{rel}","templated":true}]}}